{"id":1014,"date":"2023-02-17T10:29:02","date_gmt":"2023-02-17T10:29:02","guid":{"rendered":"https:\/\/balancetapepite.fr\/?p=1014"},"modified":"2024-11-29T13:51:43","modified_gmt":"2024-11-29T13:51:43","slug":"ecriture-inclusive","status":"publish","type":"post","link":"https:\/\/balancetapepite.fr\/?p=1014","title":{"rendered":"#11 &#8211; \u00e9criture inclusive"},"content":{"rendered":"\n<p><em>Cet article est une audio description de l\u2019\u00e9mission de podcast Balance ton mot.<\/em><\/p>\n\n\n\n<p>Ecoutes l\u2019\u00e9pisode ici :&nbsp;<a href=\"https:\/\/open.spotify.com\/episode\/07Jrfak9AKLUnJ9GT5Mi0K?si=3uJm_OivRJeMbf58RRuFqw\" target=\"_blank\" rel=\"noreferrer noopener\">Spotify<\/a>&nbsp;\u2013&nbsp;<a href=\"https:\/\/podcasts.apple.com\/fr\/podcast\/11-l\u00e9criture-inclusive\/id1636849923?i=1000575772581\" target=\"_blank\" rel=\"noreferrer noopener\">ApplePodcast<\/a>&nbsp;\u2013&nbsp;<a href=\"https:\/\/deezer.page.link\/zQw4XJhQ4FQGmRro8\" target=\"_blank\" rel=\"noreferrer noopener\">Deezer<\/a><\/p>\n\n\n\n<p>Depuis quelques mois, l\u2019\u00e9criture inclusive c\u2019est vraiment devenu <strong>un sujet br\u00fblant<\/strong>&nbsp;! Trop compliqu\u00e9 pour les uns, pas pertinent pour les autres ou encore \u00e9tendard d\u2019exclusivit\u00e9 pour certaines. De Blanquer au voisin de ta grand-m\u00e8re, tout le monde a un avis sur la question. 5 minutes pour vous pr\u00e9senter l\u2019<strong>\u00e9criture inclusive<\/strong> c\u2019est pas forc\u00e9ment simple, mas je prends le challenge&nbsp;!<\/p>\n\n\n\n<blockquote class=\"tiktok-embed\" cite=\"https:\/\/www.tiktok.com\/@chanelmentie\/video\/7130615076997827845\" data-video-id=\"7130615076997827845\" style=\"max-width: 605px;min-width: 325px;\"> <section> <a target=\"_blank\" title=\"@chanelmentie\" href=\"https:\/\/www.tiktok.com\/@chanelmentie?refer=embed\" rel=\"noopener\">@chanelmentie<\/a> IG chanelmentie | \ud83c\udf99 podcast \u00ab&nbsp;balance ton mot&nbsp;\u00bb <a title=\"feministe\" target=\"_blank\" href=\"https:\/\/www.tiktok.com\/tag\/feministe?refer=embed\" rel=\"noopener\">#feministe<\/a> <a title=\"feminisme\" target=\"_blank\" href=\"https:\/\/www.tiktok.com\/tag\/feminisme?refer=embed\" rel=\"noopener\">#feminisme<\/a> <a title=\"tiktokacademy\" target=\"_blank\" href=\"https:\/\/www.tiktok.com\/tag\/tiktokacademy?refer=embed\" rel=\"noopener\">#tiktokacademy<\/a> <a title=\"tiktokacademie\" target=\"_blank\" href=\"https:\/\/www.tiktok.com\/tag\/tiktokacademie?refer=embed\" rel=\"noopener\">#tiktokacademie<\/a> <a title=\"ecritureinclusive\" target=\"_blank\" href=\"https:\/\/www.tiktok.com\/tag\/ecritureinclusive?refer=embed\" rel=\"noopener\">#ecritureinclusive<\/a> <a target=\"_blank\" title=\"\u266c Love You So - The King Khan &amp; BBQ Show\" href=\"https:\/\/www.tiktok.com\/music\/Love-You-So-6728562975734515713?refer=embed\" rel=\"noopener\">\u266c Love You So &#8211; The King Khan &amp; BBQ Show<\/a> <\/section> <\/blockquote> <script async=\"\" src=\"https:\/\/www.tiktok.com\/embed.js\"><\/script>\n\n\n\n<p>Si le mot \u00ab&nbsp;<strong>iel<\/strong>&nbsp;\u00bb vient d\u2019entrer dans le dictionnaire, l\u2019\u00e9criture inclusive elle, existe depuis<strong> tr\u00e8s longtemps<\/strong>. En fait la fameuse r\u00e8gle du \u00ab&nbsp;masculin l\u2019emporte dur le f\u00e9minin \u00bb n\u2019a absolument pas toujours exist\u00e9. Elle est m\u00eame finalement assez r\u00e9cente car elle ne date que du <strong>18<sup>e<\/sup>&nbsp;si\u00e8cle<\/strong>. Avant elle, on accordait selon <strong>l\u2019accord de proximit\u00e9<\/strong>. C\u2019est-\u00e0-dire suivant o\u00f9 les mots \u00e9taient plac\u00e9s dans la phrase&nbsp;: les filles et les gar\u00e7ons sont beaux. Ou \u2013 Les gar\u00e7ons et les filles sont belles.<\/p>\n\n\n\n<p>Aujourd\u2019hui, il existe <strong>trois mani\u00e8res<\/strong> d\u2019utiliser cette fameuse \u00e9criture inclusive. D\u2019abord, la plus courante, l\u2019utilisation du <strong>point m\u00e9dian<\/strong>. C\u2019est-\u00e0-dire, si je vous donne un exemple concret, on \u00e9crit les <strong>acteur\u2022ice\u2022s<\/strong>. Le souci avec cette \u00e9criture c\u2019est qu\u2019elle ne prend pas en compte les personnes <strong>non-binaires<\/strong> (qui ne se consid\u00e8re ni homme, ni femme).&nbsp;&nbsp;Ensuite, celle que j\u2019ai choisi d\u2019utiliser (quand c\u2019est possible), c\u2019est de <strong>contracter les fins de mots<\/strong>. J\u2019\u00e9cris donc <strong>acteurices<\/strong>. C\u2019est un d\u00e9riv\u00e9 de la premi\u00e8re fa\u00e7on d\u2019\u00e9crire que je vous ai pr\u00e9sent\u00e9. La diff\u00e9rence, et c\u2019est un avis tr\u00e8s personnel, c\u2019est que c\u2019est plus rapide d\u2019\u00e9crire et que comme j\u2019\u00e9cris vraiment beaucoup, \u00e7a me fait gagner du temps. Enfin, derni\u00e8re fa\u00e7on d\u2019utiliser l\u2019\u00e9criture inclusive, c\u2019est de choisir des <strong>mots neutres<\/strong>. Exemple, au lieu d\u2019\u00e9crire les hommes et les femmes, tu peux \u00e9crire <strong>les personnes<\/strong>&nbsp;! Cette fa\u00e7on d\u2019\u00e9crire est la plus inclusive mais aussi la plus contraignante.<\/p>\n\n\n\n<h3>le Ted pour explorer l&rsquo;\u00e9criture inclusive<\/h3>\n\n\n\n<figure class=\"wp-block-embed is-type-rich is-provider-prise-en-charge-des-contenus-embarques wp-block-embed-prise-en-charge-des-contenus-embarques wp-embed-aspect-16-9 wp-has-aspect-ratio\"><div class=\"wp-block-embed__wrapper\">\n<iframe loading=\"lazy\" title=\"Elle \u00e9tait une fois, une langue \u00e9mancip\u00e9e | Typhaine D | TEDxRennes\" width=\"500\" height=\"281\" src=\"https:\/\/www.youtube.com\/embed\/v4J3m7VnlS8?feature=oembed\" frameborder=\"0\" allow=\"accelerometer; autoplay; clipboard-write; encrypted-media; gyroscope; picture-in-picture; web-share\" allowfullscreen><\/iframe>\n<\/div><\/figure>\n\n\n\n<p>Le but avec l\u2019\u00e9criture inclusive, c\u2019est tout simplement d\u2019avoir <strong>un langage plus \u00e9galitaire<\/strong>. Et c\u2019est ce que tente de d\u00e9montrer <a href=\"https:\/\/www.instagram.com\/typhaine.dee\/?hl=fr\" target=\"_blank\" rel=\"noreferrer noopener\">Tiphaine D<\/a> dans son TEDx de septembre 2021 (Les TED, c\u2019est des conf\u00e9rences sur plein de sujets diff\u00e9rents) Tiphaine y inverse la langue, comme s\u2019il avait \u00e9t\u00e9 dit un jour que <strong>le f\u00e9minin l\u2019emportait sur le masculin<\/strong>. Sa prise de parole nous immerge dans un univers parall\u00e8le, celui d\u2019une <strong>soci\u00e9t\u00e9 matriarcale<\/strong>. Je trouve que d\u2019inverser totalement les choses permet de mettre en lumi\u00e8re les probl\u00e9matiques de fa\u00e7on simple et efficace. A mon sens, son TED encourage \u00e0 r\u00e9fl\u00e9chir \u00e0 <strong>l\u2019impact<\/strong> <strong>des<\/strong> <strong>mots<\/strong> sur nous. Si vous voulez comprendre et r\u00e9fl\u00e9chir autour de l\u2019\u00e9criture inclusive, je vous conseille le TED de Tiphaine \u00ab&nbsp;Il \u00e9tait une fois, une langue \u00e9mancip\u00e9e&nbsp;\u00bb <em>(je vous ai partag\u00e9 la version int\u00e9grale juste au-dessus !)<\/em><\/p>\n\n\n\n<p><\/p>\n\n\n\n<div class=\"has-global-padding is-layout-constrained wp-block-group\">\n<p>Si vous avez aim\u00e9 l&rsquo;\u00e9pisode, pensez \u00e0\u00a0<strong>laisser un commentaire<\/strong>\u00a0et\u00a0<strong>5 \u00e9toiles<\/strong>\u00a0sur Spotify, Deezer ou ApplePodcast pour nous aider \u00e0\u00a0<strong>faire connaitre l&rsquo;\u00e9mission<\/strong>\u00a0! Balance ton mot est un podcast pens\u00e9 par l&rsquo;association <a href=\"https:\/\/balancetapepite.fr\/\" target=\"_blank\" rel=\"noreferrer noopener\">Balance ta p\u00e9pite<\/a>. Pour soutenir <a href=\"https:\/\/balancetapepite.fr\/?page_id=81\" target=\"_blank\" rel=\"noreferrer noopener\">nos projets de sensibilisations<\/a>, vous pouvez faire un don <a href=\"https:\/\/balancetapepite.fr\/?page_id=87\" target=\"_blank\" rel=\"noreferrer noopener\">ici<\/a>.<\/p>\n\n\n\n<div class=\"is-layout-flex wp-container-3 wp-block-columns has-text-align-left\" style=\"padding-top:50px;padding-bottom:0;padding-left:300px\">\n<div class=\"is-layout-flow wp-block-column\" style=\"--col-width:33.33%;flex-basis:33.33%\">\n<figure class=\"wp-block-image aligncenter size-full is-resized\"><img decoding=\"async\" loading=\"lazy\" src=\"https:\/\/balancetapepite.fr\/wp-content\/uploads\/2022\/12\/Balance-ton-mot.jpg\" alt=\"balance ton mot bodypositive\" class=\"wp-image-646\" width=\"166\" height=\"166\"\/><\/figure>\n<\/div>\n\n\n\n<div class=\"is-layout-flow wp-block-column\" style=\"--col-width:66.66%;flex-basis:66.66%\">\n<p>Episode \u00e9crit et r\u00e9alis\u00e9 par&nbsp;<strong><a href=\"http:\/\/www.instagram.com\/chanelmentie\" target=\"_blank\" rel=\"noreferrer noopener\">Chanel Mentie<\/a><\/strong><br>Pour l&rsquo;asso Balance ta p\u00e9pite<br>Produit par <a href=\"http:\/\/www.lespetitspoings.fr\" target=\"_blank\" rel=\"noreferrer noopener\">Les Petits Poings<\/a><br>Vignette&nbsp;<a href=\"http:\/\/www.instagram.com\/escki\" target=\"_blank\" rel=\"noreferrer noopener\">Escki<\/a><br>G\u00e9n\u00e9rique Nathan Gu\u00e9ant<\/p>\n<\/div>\n<\/div>\n<\/div>\n","protected":false},"excerpt":{"rendered":"<p>Cet article est une audio description de l\u2019\u00e9mission de podcast Balance ton mot. Ecoutes l\u2019\u00e9pisode ici :&nbsp;Spotify&nbsp;\u2013&nbsp;ApplePodcast&nbsp;\u2013&nbsp;Deezer Depuis quelques mois, l\u2019\u00e9criture inclusive c\u2019est vraiment devenu un sujet br\u00fblant&nbsp;! Trop compliqu\u00e9 pour les uns, pas pertinent pour les autres ou encore \u00e9tendard d\u2019exclusivit\u00e9 pour certaines. De Blanquer au voisin de ta grand-m\u00e8re, tout le monde a [&hellip;]<\/p>\n","protected":false},"author":1,"featured_media":1160,"comment_status":"closed","ping_status":"open","sticky":false,"template":"","format":"standard","meta":[],"categories":[10,11],"tags":[],"yoast_head":"<!-- This site is optimized with the Yoast SEO plugin v19.13 - https:\/\/yoast.com\/wordpress\/plugins\/seo\/ -->\n<title>#11 - \u00e9criture inclusive - Balance ta p\u00e9pite<\/title>\n<meta name=\"description\" content=\"C&#039;est quoi l&#039;\u00e9criture inclusive ? Chanel Mentie t&#039;explique tout \u00e7a dans son \u00e9pisode de son podcast &quot;Balance ton mot&quot; sur l&#039;\u00e9criture inclusive\" \/>\n<meta name=\"robots\" content=\"index, follow, max-snippet:-1, max-image-preview:large, max-video-preview:-1\" \/>\n<link rel=\"canonical\" href=\"https:\/\/balancetapepite.fr\/?p=1014\" \/>\n<meta property=\"og:locale\" content=\"fr_FR\" \/>\n<meta property=\"og:type\" content=\"article\" \/>\n<meta property=\"og:title\" content=\"#11 - \u00e9criture inclusive - Balance ta p\u00e9pite\" \/>\n<meta property=\"og:description\" content=\"C&#039;est quoi l&#039;\u00e9criture inclusive ? Chanel Mentie t&#039;explique tout \u00e7a dans son \u00e9pisode de son podcast &quot;Balance ton mot&quot; sur l&#039;\u00e9criture inclusive\" \/>\n<meta property=\"og:url\" content=\"https:\/\/balancetapepite.fr\/?p=1014\" \/>\n<meta property=\"og:site_name\" content=\"Balance ta p\u00e9pite\" \/>\n<meta property=\"article:publisher\" content=\"https:\/\/www.facebook.com\/balancetapepite\" \/>\n<meta property=\"article:published_time\" content=\"2023-02-17T10:29:02+00:00\" \/>\n<meta property=\"article:modified_time\" content=\"2024-11-29T13:51:43+00:00\" \/>\n<meta property=\"og:image\" content=\"https:\/\/balancetapepite.fr\/wp-content\/uploads\/2022\/12\/11-scaled.jpg\" \/>\n\t<meta property=\"og:image:width\" content=\"2560\" \/>\n\t<meta property=\"og:image:height\" content=\"1280\" \/>\n\t<meta property=\"og:image:type\" content=\"image\/jpeg\" \/>\n<meta name=\"author\" content=\"balancetapepite@gmail.com\" \/>\n<meta name=\"twitter:card\" content=\"summary_large_image\" \/>\n<meta name=\"twitter:label1\" content=\"\u00c9crit par\" \/>\n\t<meta name=\"twitter:data1\" content=\"balancetapepite@gmail.com\" \/>\n\t<meta name=\"twitter:label2\" content=\"Dur\u00e9e de lecture estim\u00e9e\" \/>\n\t<meta name=\"twitter:data2\" content=\"3 minutes\" \/>\n<script type=\"application\/ld+json\" class=\"yoast-schema-graph\">{\"@context\":\"https:\/\/schema.org\",\"@graph\":[{\"@type\":\"Article\",\"@id\":\"https:\/\/balancetapepite.fr\/?p=1014#article\",\"isPartOf\":{\"@id\":\"https:\/\/balancetapepite.fr\/?p=1014\"},\"author\":{\"name\":\"balancetapepite@gmail.com\",\"@id\":\"https:\/\/balancetapepite.fr\/#\/schema\/person\/49e609108b241bb8bab019d50674cd8d\"},\"headline\":\"#11 &#8211; \u00e9criture inclusive\",\"datePublished\":\"2023-02-17T10:29:02+00:00\",\"dateModified\":\"2024-11-29T13:51:43+00:00\",\"mainEntityOfPage\":{\"@id\":\"https:\/\/balancetapepite.fr\/?p=1014\"},\"wordCount\":591,\"publisher\":{\"@id\":\"https:\/\/balancetapepite.fr\/#organization\"},\"articleSection\":[\"Balance ton mot\",\"Cahier de vacances du f\u00e9minisme\"],\"inLanguage\":\"fr-FR\"},{\"@type\":\"WebPage\",\"@id\":\"https:\/\/balancetapepite.fr\/?p=1014\",\"url\":\"https:\/\/balancetapepite.fr\/?p=1014\",\"name\":\"#11 - \u00e9criture inclusive - Balance ta p\u00e9pite\",\"isPartOf\":{\"@id\":\"https:\/\/balancetapepite.fr\/#website\"},\"datePublished\":\"2023-02-17T10:29:02+00:00\",\"dateModified\":\"2024-11-29T13:51:43+00:00\",\"description\":\"C'est quoi l'\u00e9criture inclusive ? Chanel Mentie t'explique tout \u00e7a dans son \u00e9pisode de son podcast \\\"Balance ton mot\\\" sur l'\u00e9criture inclusive\",\"breadcrumb\":{\"@id\":\"https:\/\/balancetapepite.fr\/?p=1014#breadcrumb\"},\"inLanguage\":\"fr-FR\",\"potentialAction\":[{\"@type\":\"ReadAction\",\"target\":[\"https:\/\/balancetapepite.fr\/?p=1014\"]}]},{\"@type\":\"BreadcrumbList\",\"@id\":\"https:\/\/balancetapepite.fr\/?p=1014#breadcrumb\",\"itemListElement\":[{\"@type\":\"ListItem\",\"position\":1,\"name\":\"Accueil\",\"item\":\"https:\/\/balancetapepite.fr\/\"},{\"@type\":\"ListItem\",\"position\":2,\"name\":\"#11 &#8211; \u00e9criture inclusive\"}]},{\"@type\":\"WebSite\",\"@id\":\"https:\/\/balancetapepite.fr\/#website\",\"url\":\"https:\/\/balancetapepite.fr\/\",\"name\":\"Balance ta p\u00e9pite\",\"description\":\"F\u00e9minisme et pop culture\",\"publisher\":{\"@id\":\"https:\/\/balancetapepite.fr\/#organization\"},\"potentialAction\":[{\"@type\":\"SearchAction\",\"target\":{\"@type\":\"EntryPoint\",\"urlTemplate\":\"https:\/\/balancetapepite.fr\/?s={search_term_string}\"},\"query-input\":\"required name=search_term_string\"}],\"inLanguage\":\"fr-FR\"},{\"@type\":\"Organization\",\"@id\":\"https:\/\/balancetapepite.fr\/#organization\",\"name\":\"Balance ta p\u00e9pite\",\"url\":\"https:\/\/balancetapepite.fr\/\",\"logo\":{\"@type\":\"ImageObject\",\"inLanguage\":\"fr-FR\",\"@id\":\"https:\/\/balancetapepite.fr\/#\/schema\/logo\/image\/\",\"url\":\"https:\/\/balancetapepite.fr\/wp-content\/uploads\/2022\/12\/logo-btp.jpg\",\"contentUrl\":\"https:\/\/balancetapepite.fr\/wp-content\/uploads\/2022\/12\/logo-btp.jpg\",\"width\":2816,\"height\":2048,\"caption\":\"Balance ta p\u00e9pite\"},\"image\":{\"@id\":\"https:\/\/balancetapepite.fr\/#\/schema\/logo\/image\/\"},\"sameAs\":[\"https:\/\/www.instagram.com\/balancetapepite\",\"https:\/\/www.linkedin.com\/company\/balance-ta-pepite\/\",\"https:\/\/www.facebook.com\/balancetapepite\"]},{\"@type\":\"Person\",\"@id\":\"https:\/\/balancetapepite.fr\/#\/schema\/person\/49e609108b241bb8bab019d50674cd8d\",\"name\":\"balancetapepite@gmail.com\",\"image\":{\"@type\":\"ImageObject\",\"inLanguage\":\"fr-FR\",\"@id\":\"https:\/\/balancetapepite.fr\/#\/schema\/person\/image\/\",\"url\":\"https:\/\/secure.gravatar.com\/avatar\/3949e9c101ec4b4170ba6f9b8145f02a?s=96&d=mm&r=g\",\"contentUrl\":\"https:\/\/secure.gravatar.com\/avatar\/3949e9c101ec4b4170ba6f9b8145f02a?s=96&d=mm&r=g\",\"caption\":\"balancetapepite@gmail.com\"},\"sameAs\":[\"http:\/\/balancetapepite.fr\"],\"url\":\"https:\/\/balancetapepite.fr\/?author=1\"}]}<\/script>\n<!-- \/ Yoast SEO plugin. -->","yoast_head_json":{"title":"#11 - \u00e9criture inclusive - Balance ta p\u00e9pite","description":"C'est quoi l'\u00e9criture inclusive ? Chanel Mentie t'explique tout \u00e7a dans son \u00e9pisode de son podcast \"Balance ton mot\" sur l'\u00e9criture inclusive","robots":{"index":"index","follow":"follow","max-snippet":"max-snippet:-1","max-image-preview":"max-image-preview:large","max-video-preview":"max-video-preview:-1"},"canonical":"https:\/\/balancetapepite.fr\/?p=1014","og_locale":"fr_FR","og_type":"article","og_title":"#11 - \u00e9criture inclusive - Balance ta p\u00e9pite","og_description":"C'est quoi l'\u00e9criture inclusive ? Chanel Mentie t'explique tout \u00e7a dans son \u00e9pisode de son podcast \"Balance ton mot\" sur l'\u00e9criture inclusive","og_url":"https:\/\/balancetapepite.fr\/?p=1014","og_site_name":"Balance ta p\u00e9pite","article_publisher":"https:\/\/www.facebook.com\/balancetapepite","article_published_time":"2023-02-17T10:29:02+00:00","article_modified_time":"2024-11-29T13:51:43+00:00","og_image":[{"width":2560,"height":1280,"url":"https:\/\/balancetapepite.fr\/wp-content\/uploads\/2022\/12\/11-scaled.jpg","type":"image\/jpeg"}],"author":"balancetapepite@gmail.com","twitter_card":"summary_large_image","twitter_misc":{"\u00c9crit par":"balancetapepite@gmail.com","Dur\u00e9e de lecture estim\u00e9e":"3 minutes"},"schema":{"@context":"https:\/\/schema.org","@graph":[{"@type":"Article","@id":"https:\/\/balancetapepite.fr\/?p=1014#article","isPartOf":{"@id":"https:\/\/balancetapepite.fr\/?p=1014"},"author":{"name":"balancetapepite@gmail.com","@id":"https:\/\/balancetapepite.fr\/#\/schema\/person\/49e609108b241bb8bab019d50674cd8d"},"headline":"#11 &#8211; \u00e9criture inclusive","datePublished":"2023-02-17T10:29:02+00:00","dateModified":"2024-11-29T13:51:43+00:00","mainEntityOfPage":{"@id":"https:\/\/balancetapepite.fr\/?p=1014"},"wordCount":591,"publisher":{"@id":"https:\/\/balancetapepite.fr\/#organization"},"articleSection":["Balance ton mot","Cahier de vacances du f\u00e9minisme"],"inLanguage":"fr-FR"},{"@type":"WebPage","@id":"https:\/\/balancetapepite.fr\/?p=1014","url":"https:\/\/balancetapepite.fr\/?p=1014","name":"#11 - \u00e9criture inclusive - Balance ta p\u00e9pite","isPartOf":{"@id":"https:\/\/balancetapepite.fr\/#website"},"datePublished":"2023-02-17T10:29:02+00:00","dateModified":"2024-11-29T13:51:43+00:00","description":"C'est quoi l'\u00e9criture inclusive ? Chanel Mentie t'explique tout \u00e7a dans son \u00e9pisode de son podcast \"Balance ton mot\" sur l'\u00e9criture inclusive","breadcrumb":{"@id":"https:\/\/balancetapepite.fr\/?p=1014#breadcrumb"},"inLanguage":"fr-FR","potentialAction":[{"@type":"ReadAction","target":["https:\/\/balancetapepite.fr\/?p=1014"]}]},{"@type":"BreadcrumbList","@id":"https:\/\/balancetapepite.fr\/?p=1014#breadcrumb","itemListElement":[{"@type":"ListItem","position":1,"name":"Accueil","item":"https:\/\/balancetapepite.fr\/"},{"@type":"ListItem","position":2,"name":"#11 &#8211; \u00e9criture inclusive"}]},{"@type":"WebSite","@id":"https:\/\/balancetapepite.fr\/#website","url":"https:\/\/balancetapepite.fr\/","name":"Balance ta p\u00e9pite","description":"F\u00e9minisme et pop culture","publisher":{"@id":"https:\/\/balancetapepite.fr\/#organization"},"potentialAction":[{"@type":"SearchAction","target":{"@type":"EntryPoint","urlTemplate":"https:\/\/balancetapepite.fr\/?s={search_term_string}"},"query-input":"required name=search_term_string"}],"inLanguage":"fr-FR"},{"@type":"Organization","@id":"https:\/\/balancetapepite.fr\/#organization","name":"Balance ta p\u00e9pite","url":"https:\/\/balancetapepite.fr\/","logo":{"@type":"ImageObject","inLanguage":"fr-FR","@id":"https:\/\/balancetapepite.fr\/#\/schema\/logo\/image\/","url":"https:\/\/balancetapepite.fr\/wp-content\/uploads\/2022\/12\/logo-btp.jpg","contentUrl":"https:\/\/balancetapepite.fr\/wp-content\/uploads\/2022\/12\/logo-btp.jpg","width":2816,"height":2048,"caption":"Balance ta p\u00e9pite"},"image":{"@id":"https:\/\/balancetapepite.fr\/#\/schema\/logo\/image\/"},"sameAs":["https:\/\/www.instagram.com\/balancetapepite","https:\/\/www.linkedin.com\/company\/balance-ta-pepite\/","https:\/\/www.facebook.com\/balancetapepite"]},{"@type":"Person","@id":"https:\/\/balancetapepite.fr\/#\/schema\/person\/49e609108b241bb8bab019d50674cd8d","name":"balancetapepite@gmail.com","image":{"@type":"ImageObject","inLanguage":"fr-FR","@id":"https:\/\/balancetapepite.fr\/#\/schema\/person\/image\/","url":"https:\/\/secure.gravatar.com\/avatar\/3949e9c101ec4b4170ba6f9b8145f02a?s=96&d=mm&r=g","contentUrl":"https:\/\/secure.gravatar.com\/avatar\/3949e9c101ec4b4170ba6f9b8145f02a?s=96&d=mm&r=g","caption":"balancetapepite@gmail.com"},"sameAs":["http:\/\/balancetapepite.fr"],"url":"https:\/\/balancetapepite.fr\/?author=1"}]}},"_links":{"self":[{"href":"https:\/\/balancetapepite.fr\/index.php?rest_route=\/wp\/v2\/posts\/1014"}],"collection":[{"href":"https:\/\/balancetapepite.fr\/index.php?rest_route=\/wp\/v2\/posts"}],"about":[{"href":"https:\/\/balancetapepite.fr\/index.php?rest_route=\/wp\/v2\/types\/post"}],"author":[{"embeddable":true,"href":"https:\/\/balancetapepite.fr\/index.php?rest_route=\/wp\/v2\/users\/1"}],"replies":[{"embeddable":true,"href":"https:\/\/balancetapepite.fr\/index.php?rest_route=%2Fwp%2Fv2%2Fcomments&post=1014"}],"version-history":[{"count":2,"href":"https:\/\/balancetapepite.fr\/index.php?rest_route=\/wp\/v2\/posts\/1014\/revisions"}],"predecessor-version":[{"id":1180,"href":"https:\/\/balancetapepite.fr\/index.php?rest_route=\/wp\/v2\/posts\/1014\/revisions\/1180"}],"wp:featuredmedia":[{"embeddable":true,"href":"https:\/\/balancetapepite.fr\/index.php?rest_route=\/wp\/v2\/media\/1160"}],"wp:attachment":[{"href":"https:\/\/balancetapepite.fr\/index.php?rest_route=%2Fwp%2Fv2%2Fmedia&parent=1014"}],"wp:term":[{"taxonomy":"category","embeddable":true,"href":"https:\/\/balancetapepite.fr\/index.php?rest_route=%2Fwp%2Fv2%2Fcategories&post=1014"},{"taxonomy":"post_tag","embeddable":true,"href":"https:\/\/balancetapepite.fr\/index.php?rest_route=%2Fwp%2Fv2%2Ftags&post=1014"}],"curies":[{"name":"wp","href":"https:\/\/api.w.org\/{rel}","templated":true}]}}