{"id":1040,"date":"2023-03-03T12:55:20","date_gmt":"2023-03-03T12:55:20","guid":{"rendered":"https:\/\/balancetapepite.fr\/?p=1040"},"modified":"2024-11-29T13:53:14","modified_gmt":"2024-11-29T13:53:14","slug":"20-le-viol","status":"publish","type":"post","link":"https:\/\/balancetapepite.fr\/?p=1040","title":{"rendered":"#20 &#8211; le viol"},"content":{"rendered":"\n<p><em>Cet article est une audio description de l\u2019\u00e9mission de podcast Balance ton mot.<\/em><\/p>\n\n\n\n<p>Ecoutes l\u2019\u00e9pisode ici :&nbsp;<a href=\"https:\/\/open.spotify.com\/episode\/62ZTG5wCNfHm5Cq2hBXeY6?si=Y6bt_XBeR-ucaHABCRb3ig\" target=\"_blank\" rel=\"noreferrer noopener\">Spotify<\/a>&nbsp;\u2013&nbsp;<a href=\"https:\/\/podcasts.apple.com\/fr\/podcast\/20-le-viol\/id1636849923?i=1000576683888\" target=\"_blank\" rel=\"noreferrer noopener\">ApplePodcast<\/a>&nbsp;\u2013&nbsp;<a href=\"https:\/\/deezer.page.link\/tsW8zNQpqt3x1SUz5\" target=\"_blank\" rel=\"noreferrer noopener\">Deezer<\/a><\/p>\n\n\n\n<p><em>TW&nbsp;: cet \u00e9pisode peut heurter la sensibilit\u00e9 des personnes qui ont \u00e9t\u00e9 victimes d\u2019agression sexuelle ou de viol.&nbsp;<\/em><\/p>\n\n\n\n<p>Je voudrais commencer cet \u00e9pisode avec ces chiffres issus du livre \u00ab&nbsp;<strong>Dis bonjour Sale pute<\/strong>&nbsp;\u00bb d\u2019Emanouela Todorova, experte de <a href=\"https:\/\/open.spotify.com\/episode\/30lMh5Z0ise71SgAr6Ysq2?si=1v9qMv2nQkqZVS2bdJXZ9g\" target=\"_blank\" rel=\"noreferrer noopener\">l&rsquo;\u00e9pisode 6<\/a> de mon podcast principal \u00ab&nbsp;Balance ta p\u00e9pite&nbsp;\u00bb.&nbsp;<\/p>\n\n\n\n<p>\u00ab&nbsp;Est-ce-que p\u00e9n\u00e9trer une personne avec un doigt est un viol&nbsp;? <strong>24%<\/strong> des Fran\u00e7ais pensent que non. Est-ce-que forcer une personne \u00e0 faire une fellation est un viol&nbsp;? <strong>24%<\/strong> des Fran\u00e7ais pensent que non. Est-ce-que forcer quelqu\u2019un \u00e0 avoir une relation sexuelle jusqu\u2019\u00e0 ce qu\u2019iel accepte est un viol&nbsp;? <strong>21%<\/strong> des Fran\u00e7ais pensent que non. Pourtant, oui&nbsp;: tous ces actes sont des viols.&nbsp;\u00bb<\/p>\n\n\n\n<p>Quand j\u2019ai vu ces chiffres, je me suis imm\u00e9diatement dit qu\u2019un des \u00e9pisodes de ce podcast devait d\u00e9finir ce mot de <strong>viol<\/strong>.<\/p>\n\n\n\n<blockquote class=\"tiktok-embed\" cite=\"https:\/\/www.tiktok.com\/@chanelmentie\/video\/7133961173111770374\" data-video-id=\"7133961173111770374\" style=\"max-width: 605px;min-width: 325px;\"> <section> <a target=\"_blank\" title=\"@chanelmentie\" href=\"https:\/\/www.tiktok.com\/@chanelmentie?refer=embed\" rel=\"noopener\">@chanelmentie<\/a> IG chanelmentie | \ud83c\udf99 podcast \u00ab&nbsp;balance ton mot&nbsp;\u00bb <a title=\"feministe\" target=\"_blank\" href=\"https:\/\/www.tiktok.com\/tag\/feministe?refer=embed\" rel=\"noopener\">#feministe<\/a> <a title=\"feminisme\" target=\"_blank\" href=\"https:\/\/www.tiktok.com\/tag\/feminisme?refer=embed\" rel=\"noopener\">#feminisme<\/a>  <a title=\"podcast\" target=\"_blank\" href=\"https:\/\/www.tiktok.com\/tag\/podcast?refer=embed\" rel=\"noopener\">#podcast<\/a> <a title=\"podcastfrancais\" target=\"_blank\" href=\"https:\/\/www.tiktok.com\/tag\/podcastfrancais?refer=embed\" rel=\"noopener\">#podcastfrancais<\/a> <a title=\"tiktokacademy\" target=\"_blank\" href=\"https:\/\/www.tiktok.com\/tag\/tiktokacademy?refer=embed\" rel=\"noopener\">#tiktokacademy<\/a> <a title=\"tiktokacademie\" target=\"_blank\" href=\"https:\/\/www.tiktok.com\/tag\/tiktokacademie?refer=embed\" rel=\"noopener\">#tiktokacademie<\/a> <a target=\"_blank\" title=\"\u266c Monkeys Spinning Monkeys - Kevin MacLeod &amp; Kevin The Monkey\" href=\"https:\/\/www.tiktok.com\/music\/Monkeys-Spinning-Monkeys-6827446890867460097?refer=embed\" rel=\"noopener\">\u266c Monkeys Spinning Monkeys &#8211; Kevin MacLeod &amp; Kevin The Monkey<\/a> <\/section> <\/blockquote> <script async=\"\" src=\"https:\/\/www.tiktok.com\/embed.js\"><\/script>\n\n\n\n<p>Et c\u2019est exactement ce que je vais faire aujourd\u2019hui&nbsp;en m\u2019appuyant sur la d\u00e9finition donn\u00e9e par le site du gouvernement&nbsp;: le viol est un acte de <strong>p\u00e9n\u00e9tration<\/strong> <strong>sexuelle<\/strong> commis sur la victime ou sur l&rsquo;auteur de l&rsquo;acte avec violence, contrainte, menace ou surprise. La p\u00e9n\u00e9tration peut \u00eatre <strong>vaginale<\/strong>, <strong>anale<\/strong> ou <strong>buccale<\/strong>, effectu\u00e9e par le sexe de l&rsquo;auteur du viol, par ses doigts ou par un objet.&nbsp;Les contacts <strong>buccaux<\/strong> <strong>g\u00e9nitaux<\/strong> sont \u00e9galement consid\u00e9r\u00e9 comme des viols.<\/p>\n\n\n\n<p>Principalement \u00e0 cause de la <a href=\"https:\/\/open.spotify.com\/episode\/6yZO56poMJ2cwXiDr4TpTt?si=LDqklIE7RC2jxt5hVs8sxA\" target=\"_blank\" rel=\"noreferrer noopener\">culture du viol<\/a>, de nombreuses <strong>id\u00e9es re\u00e7ues<\/strong> sont ancr\u00e9s dans notre soci\u00e9t\u00e9 et dans notre <strong>imaginaire collectif<\/strong>. J\u2019aimerais revenir sur l\u2019une d\u2019entre elles.<\/p>\n\n\n\n<p>Appelons-l\u00e0 le \u00ab&nbsp;<strong>mythe de l\u2019inconnu<\/strong>&nbsp;\u00bb. On imagine souvent que les viols ont lieux dans une ruelle sombre, le soir, par un inconnu en cagoule. En r\u00e9alit\u00e9, <strong>l\u2019\u00e9crasante<\/strong> <strong>majorit\u00e9 des viols sont commis par des personnes connues de la victime<\/strong>. Le 22 f\u00e9vrier 2018, le Haut conseil de l\u2019\u00e9galit\u00e9 entre les femmes et les hommes rendait un rapport sur la question. D\u2019apr\u00e8s eux, c\u2019est <strong>91% des violeurs qui sont proches des victimes<\/strong>. On y apprend aussi que <strong>47%<\/strong> des viols sont conjugaux. Alors, je vais peut-\u00eatre casser un mythe, mais le \u00ab&nbsp;<strong>devoir conjugal&nbsp;<\/strong>\u00bb n\u2019existe pas. La notion de consentement est primordiale tout le temps et avec tout le monde. En juin 2019, le hashtag <strong>#jeleconnaissais <\/strong>a explos\u00e9 sur le r\u00e9seau social Twitter. Des centaines de femmes parlaient de leur viol et surtout, de leur agresseur. Ami, coll\u00e8gue, cousin, patron\u2026 Des t\u00e9moignages <strong>gla\u00e7ants<\/strong> qui rendent compte de l\u2019ampleur du probl\u00e8me.&nbsp;<\/p>\n\n\n\n<h3>un film pour explorer le viol<\/h3>\n\n\n\n<figure class=\"wp-block-embed is-type-video is-provider-youtube wp-block-embed-youtube wp-embed-aspect-16-9 wp-has-aspect-ratio\"><div class=\"wp-block-embed__wrapper\">\n<iframe loading=\"lazy\" title=\"ELLE - Bande-annonce\" width=\"500\" height=\"281\" src=\"https:\/\/www.youtube.com\/embed\/BzvXSlBYEQ0?feature=oembed\" frameborder=\"0\" allow=\"accelerometer; autoplay; clipboard-write; encrypted-media; gyroscope; picture-in-picture; web-share\" allowfullscreen><\/iframe>\n<\/div><\/figure>\n\n\n\n<p>C\u2019est le sujet central du film <strong>Elle<\/strong> du r\u00e9alisateur Paul Verhoeven avec Isabelle Huppert dans le r\u00f4le principal. Ici, le traitement du viol est juste tant il est <strong>complexe<\/strong>. C\u2019est donc l\u2019histoire de d\u2019une femme <strong>hant\u00e9<\/strong> par le viol qu\u2019elle a subi. Ce que je trouve hyper interessant, c\u2019est qu\u2019on ne retrouve pas les <strong>clich\u00e9s<\/strong> <strong>habituels<\/strong>. Par exemple le fait que l\u2019agression a eu lieu sur son domicile et pas dans une rue sombre. On est clairement sur un film <a href=\"https:\/\/open.spotify.com\/episode\/1jwY659y5UwJeO8edJzeLM?si=-WdEh5L-R0Wc8EGU7lyp9g\" target=\"_blank\" rel=\"noreferrer noopener\">Female Gaze<\/a>. Le rythme de ce thriller est extr\u00eamement bien ma\u00eetris\u00e9, l\u2019angoisse nous tient tout au long des 2h de film. Si vous voulez vous plonger dans une histoire \u00e0 <strong>couper le souffle<\/strong>, je vous conseille le film <strong>Elle<\/strong>, dispo sur la plateforme Salto.<\/p>\n\n\n\n<div class=\"has-global-padding is-layout-constrained wp-block-group\">\n<p>Si vous avez aim\u00e9 l&rsquo;\u00e9pisode, pensez \u00e0\u00a0<strong>laisser un commentaire<\/strong>\u00a0et\u00a0<strong>5 \u00e9toiles<\/strong>\u00a0sur Spotify, Deezer ou ApplePodcast pour nous aider \u00e0\u00a0<strong>faire connaitre l&rsquo;\u00e9mission<\/strong>\u00a0! Balance ton mot est un podcast pens\u00e9 par l&rsquo;association <a href=\"https:\/\/balancetapepite.fr\/\" target=\"_blank\" rel=\"noreferrer noopener\">Balance ta p\u00e9pite<\/a>. Pour soutenir <a href=\"https:\/\/balancetapepite.fr\/?page_id=81\" target=\"_blank\" rel=\"noreferrer noopener\">nos projets de sensibilisations<\/a>, vous pouvez faire un don <a href=\"https:\/\/balancetapepite.fr\/?page_id=87\" target=\"_blank\" rel=\"noreferrer noopener\">ici<\/a>.<\/p>\n\n\n\n<div class=\"is-layout-flex wp-container-3 wp-block-columns has-text-align-left\" style=\"padding-top:50px;padding-bottom:0;padding-left:300px\">\n<div class=\"is-layout-flow wp-block-column\" style=\"--col-width:33.33%;flex-basis:33.33%\">\n<figure class=\"wp-block-image aligncenter size-full is-resized\"><img decoding=\"async\" loading=\"lazy\" src=\"https:\/\/balancetapepite.fr\/wp-content\/uploads\/2022\/12\/Balance-ton-mot.jpg\" alt=\"balance ton mot bodypositive\" class=\"wp-image-646\" width=\"166\" height=\"166\"\/><\/figure>\n<\/div>\n\n\n\n<div class=\"is-layout-flow wp-block-column\" style=\"--col-width:66.66%;flex-basis:66.66%\">\n<p>Episode \u00e9crit et r\u00e9alis\u00e9 par&nbsp;<strong><a href=\"http:\/\/www.instagram.com\/chanelmentie\" target=\"_blank\" rel=\"noreferrer noopener\">Chanel Mentie<\/a><\/strong><br>Pour l&rsquo;asso Balance ta p\u00e9pite<br>Produit par <a href=\"http:\/\/www.lespetitspoings.fr\" target=\"_blank\" rel=\"noreferrer noopener\">Les Petits Poings<\/a><br>Vignette&nbsp;<a href=\"http:\/\/www.instagram.com\/escki\" target=\"_blank\" rel=\"noreferrer noopener\">Escki<\/a><br>G\u00e9n\u00e9rique Nathan Gu\u00e9ant<\/p>\n<\/div>\n<\/div>\n<\/div>\n","protected":false},"excerpt":{"rendered":"<p>Cet article est une audio description de l\u2019\u00e9mission de podcast Balance ton mot. Ecoutes l\u2019\u00e9pisode ici :&nbsp;Spotify&nbsp;\u2013&nbsp;ApplePodcast&nbsp;\u2013&nbsp;Deezer TW&nbsp;: cet \u00e9pisode peut heurter la sensibilit\u00e9 des personnes qui ont \u00e9t\u00e9 victimes d\u2019agression sexuelle ou de viol.&nbsp; Je voudrais commencer cet \u00e9pisode avec ces chiffres issus du livre \u00ab&nbsp;Dis bonjour Sale pute&nbsp;\u00bb d\u2019Emanouela Todorova, experte de l&rsquo;\u00e9pisode [&hellip;]<\/p>\n","protected":false},"author":1,"featured_media":1169,"comment_status":"closed","ping_status":"open","sticky":false,"template":"","format":"standard","meta":[],"categories":[10,11],"tags":[],"yoast_head":"<!-- This site is optimized with the Yoast SEO plugin v19.13 - https:\/\/yoast.com\/wordpress\/plugins\/seo\/ -->\n<title>#20 - le viol - Balance ta p\u00e9pite<\/title>\n<meta name=\"description\" content=\"Le viol c&#039;est quoi ? Chanel Mentie te l&#039;explique dans l&#039;\u00e9pisode de son podcast &quot;Balance ton mot&quot; sur le viol\" \/>\n<meta name=\"robots\" content=\"index, follow, max-snippet:-1, max-image-preview:large, max-video-preview:-1\" \/>\n<link rel=\"canonical\" href=\"https:\/\/balancetapepite.fr\/?p=1040\" \/>\n<meta property=\"og:locale\" content=\"fr_FR\" \/>\n<meta property=\"og:type\" content=\"article\" \/>\n<meta property=\"og:title\" content=\"#20 - le viol - Balance ta p\u00e9pite\" \/>\n<meta property=\"og:description\" content=\"Le viol c&#039;est quoi ? Chanel Mentie te l&#039;explique dans l&#039;\u00e9pisode de son podcast &quot;Balance ton mot&quot; sur le viol\" \/>\n<meta property=\"og:url\" content=\"https:\/\/balancetapepite.fr\/?p=1040\" \/>\n<meta property=\"og:site_name\" content=\"Balance ta p\u00e9pite\" \/>\n<meta property=\"article:publisher\" content=\"https:\/\/www.facebook.com\/balancetapepite\" \/>\n<meta property=\"article:published_time\" content=\"2023-03-03T12:55:20+00:00\" \/>\n<meta property=\"article:modified_time\" content=\"2024-11-29T13:53:14+00:00\" \/>\n<meta property=\"og:image\" content=\"https:\/\/balancetapepite.fr\/wp-content\/uploads\/2022\/12\/20-scaled.jpg\" \/>\n\t<meta property=\"og:image:width\" content=\"2560\" \/>\n\t<meta property=\"og:image:height\" content=\"1280\" \/>\n\t<meta property=\"og:image:type\" content=\"image\/jpeg\" \/>\n<meta name=\"author\" content=\"balancetapepite@gmail.com\" \/>\n<meta name=\"twitter:card\" content=\"summary_large_image\" \/>\n<meta name=\"twitter:label1\" content=\"\u00c9crit par\" \/>\n\t<meta name=\"twitter:data1\" content=\"balancetapepite@gmail.com\" \/>\n\t<meta name=\"twitter:label2\" content=\"Dur\u00e9e de lecture estim\u00e9e\" \/>\n\t<meta name=\"twitter:data2\" content=\"3 minutes\" \/>\n<script type=\"application\/ld+json\" class=\"yoast-schema-graph\">{\"@context\":\"https:\/\/schema.org\",\"@graph\":[{\"@type\":\"Article\",\"@id\":\"https:\/\/balancetapepite.fr\/?p=1040#article\",\"isPartOf\":{\"@id\":\"https:\/\/balancetapepite.fr\/?p=1040\"},\"author\":{\"name\":\"balancetapepite@gmail.com\",\"@id\":\"https:\/\/balancetapepite.fr\/#\/schema\/person\/49e609108b241bb8bab019d50674cd8d\"},\"headline\":\"#20 &#8211; le viol\",\"datePublished\":\"2023-03-03T12:55:20+00:00\",\"dateModified\":\"2024-11-29T13:53:14+00:00\",\"mainEntityOfPage\":{\"@id\":\"https:\/\/balancetapepite.fr\/?p=1040\"},\"wordCount\":645,\"publisher\":{\"@id\":\"https:\/\/balancetapepite.fr\/#organization\"},\"articleSection\":[\"Balance ton mot\",\"Cahier de vacances du f\u00e9minisme\"],\"inLanguage\":\"fr-FR\"},{\"@type\":\"WebPage\",\"@id\":\"https:\/\/balancetapepite.fr\/?p=1040\",\"url\":\"https:\/\/balancetapepite.fr\/?p=1040\",\"name\":\"#20 - le viol - Balance ta p\u00e9pite\",\"isPartOf\":{\"@id\":\"https:\/\/balancetapepite.fr\/#website\"},\"datePublished\":\"2023-03-03T12:55:20+00:00\",\"dateModified\":\"2024-11-29T13:53:14+00:00\",\"description\":\"Le viol c'est quoi ? Chanel Mentie te l'explique dans l'\u00e9pisode de son podcast \\\"Balance ton mot\\\" sur le viol\",\"breadcrumb\":{\"@id\":\"https:\/\/balancetapepite.fr\/?p=1040#breadcrumb\"},\"inLanguage\":\"fr-FR\",\"potentialAction\":[{\"@type\":\"ReadAction\",\"target\":[\"https:\/\/balancetapepite.fr\/?p=1040\"]}]},{\"@type\":\"BreadcrumbList\",\"@id\":\"https:\/\/balancetapepite.fr\/?p=1040#breadcrumb\",\"itemListElement\":[{\"@type\":\"ListItem\",\"position\":1,\"name\":\"Accueil\",\"item\":\"https:\/\/balancetapepite.fr\/\"},{\"@type\":\"ListItem\",\"position\":2,\"name\":\"#20 &#8211; le viol\"}]},{\"@type\":\"WebSite\",\"@id\":\"https:\/\/balancetapepite.fr\/#website\",\"url\":\"https:\/\/balancetapepite.fr\/\",\"name\":\"Balance ta p\u00e9pite\",\"description\":\"F\u00e9minisme et pop culture\",\"publisher\":{\"@id\":\"https:\/\/balancetapepite.fr\/#organization\"},\"potentialAction\":[{\"@type\":\"SearchAction\",\"target\":{\"@type\":\"EntryPoint\",\"urlTemplate\":\"https:\/\/balancetapepite.fr\/?s={search_term_string}\"},\"query-input\":\"required name=search_term_string\"}],\"inLanguage\":\"fr-FR\"},{\"@type\":\"Organization\",\"@id\":\"https:\/\/balancetapepite.fr\/#organization\",\"name\":\"Balance ta p\u00e9pite\",\"url\":\"https:\/\/balancetapepite.fr\/\",\"logo\":{\"@type\":\"ImageObject\",\"inLanguage\":\"fr-FR\",\"@id\":\"https:\/\/balancetapepite.fr\/#\/schema\/logo\/image\/\",\"url\":\"https:\/\/balancetapepite.fr\/wp-content\/uploads\/2022\/12\/logo-btp.jpg\",\"contentUrl\":\"https:\/\/balancetapepite.fr\/wp-content\/uploads\/2022\/12\/logo-btp.jpg\",\"width\":2816,\"height\":2048,\"caption\":\"Balance ta p\u00e9pite\"},\"image\":{\"@id\":\"https:\/\/balancetapepite.fr\/#\/schema\/logo\/image\/\"},\"sameAs\":[\"https:\/\/www.instagram.com\/balancetapepite\",\"https:\/\/www.linkedin.com\/company\/balance-ta-pepite\/\",\"https:\/\/www.facebook.com\/balancetapepite\"]},{\"@type\":\"Person\",\"@id\":\"https:\/\/balancetapepite.fr\/#\/schema\/person\/49e609108b241bb8bab019d50674cd8d\",\"name\":\"balancetapepite@gmail.com\",\"image\":{\"@type\":\"ImageObject\",\"inLanguage\":\"fr-FR\",\"@id\":\"https:\/\/balancetapepite.fr\/#\/schema\/person\/image\/\",\"url\":\"https:\/\/secure.gravatar.com\/avatar\/3949e9c101ec4b4170ba6f9b8145f02a?s=96&d=mm&r=g\",\"contentUrl\":\"https:\/\/secure.gravatar.com\/avatar\/3949e9c101ec4b4170ba6f9b8145f02a?s=96&d=mm&r=g\",\"caption\":\"balancetapepite@gmail.com\"},\"sameAs\":[\"http:\/\/balancetapepite.fr\"],\"url\":\"https:\/\/balancetapepite.fr\/?author=1\"}]}<\/script>\n<!-- \/ Yoast SEO plugin. -->","yoast_head_json":{"title":"#20 - le viol - Balance ta p\u00e9pite","description":"Le viol c'est quoi ? Chanel Mentie te l'explique dans l'\u00e9pisode de son podcast \"Balance ton mot\" sur le viol","robots":{"index":"index","follow":"follow","max-snippet":"max-snippet:-1","max-image-preview":"max-image-preview:large","max-video-preview":"max-video-preview:-1"},"canonical":"https:\/\/balancetapepite.fr\/?p=1040","og_locale":"fr_FR","og_type":"article","og_title":"#20 - le viol - Balance ta p\u00e9pite","og_description":"Le viol c'est quoi ? Chanel Mentie te l'explique dans l'\u00e9pisode de son podcast \"Balance ton mot\" sur le viol","og_url":"https:\/\/balancetapepite.fr\/?p=1040","og_site_name":"Balance ta p\u00e9pite","article_publisher":"https:\/\/www.facebook.com\/balancetapepite","article_published_time":"2023-03-03T12:55:20+00:00","article_modified_time":"2024-11-29T13:53:14+00:00","og_image":[{"width":2560,"height":1280,"url":"https:\/\/balancetapepite.fr\/wp-content\/uploads\/2022\/12\/20-scaled.jpg","type":"image\/jpeg"}],"author":"balancetapepite@gmail.com","twitter_card":"summary_large_image","twitter_misc":{"\u00c9crit par":"balancetapepite@gmail.com","Dur\u00e9e de lecture estim\u00e9e":"3 minutes"},"schema":{"@context":"https:\/\/schema.org","@graph":[{"@type":"Article","@id":"https:\/\/balancetapepite.fr\/?p=1040#article","isPartOf":{"@id":"https:\/\/balancetapepite.fr\/?p=1040"},"author":{"name":"balancetapepite@gmail.com","@id":"https:\/\/balancetapepite.fr\/#\/schema\/person\/49e609108b241bb8bab019d50674cd8d"},"headline":"#20 &#8211; le viol","datePublished":"2023-03-03T12:55:20+00:00","dateModified":"2024-11-29T13:53:14+00:00","mainEntityOfPage":{"@id":"https:\/\/balancetapepite.fr\/?p=1040"},"wordCount":645,"publisher":{"@id":"https:\/\/balancetapepite.fr\/#organization"},"articleSection":["Balance ton mot","Cahier de vacances du f\u00e9minisme"],"inLanguage":"fr-FR"},{"@type":"WebPage","@id":"https:\/\/balancetapepite.fr\/?p=1040","url":"https:\/\/balancetapepite.fr\/?p=1040","name":"#20 - le viol - Balance ta p\u00e9pite","isPartOf":{"@id":"https:\/\/balancetapepite.fr\/#website"},"datePublished":"2023-03-03T12:55:20+00:00","dateModified":"2024-11-29T13:53:14+00:00","description":"Le viol c'est quoi ? Chanel Mentie te l'explique dans l'\u00e9pisode de son podcast \"Balance ton mot\" sur le viol","breadcrumb":{"@id":"https:\/\/balancetapepite.fr\/?p=1040#breadcrumb"},"inLanguage":"fr-FR","potentialAction":[{"@type":"ReadAction","target":["https:\/\/balancetapepite.fr\/?p=1040"]}]},{"@type":"BreadcrumbList","@id":"https:\/\/balancetapepite.fr\/?p=1040#breadcrumb","itemListElement":[{"@type":"ListItem","position":1,"name":"Accueil","item":"https:\/\/balancetapepite.fr\/"},{"@type":"ListItem","position":2,"name":"#20 &#8211; le viol"}]},{"@type":"WebSite","@id":"https:\/\/balancetapepite.fr\/#website","url":"https:\/\/balancetapepite.fr\/","name":"Balance ta p\u00e9pite","description":"F\u00e9minisme et pop culture","publisher":{"@id":"https:\/\/balancetapepite.fr\/#organization"},"potentialAction":[{"@type":"SearchAction","target":{"@type":"EntryPoint","urlTemplate":"https:\/\/balancetapepite.fr\/?s={search_term_string}"},"query-input":"required name=search_term_string"}],"inLanguage":"fr-FR"},{"@type":"Organization","@id":"https:\/\/balancetapepite.fr\/#organization","name":"Balance ta p\u00e9pite","url":"https:\/\/balancetapepite.fr\/","logo":{"@type":"ImageObject","inLanguage":"fr-FR","@id":"https:\/\/balancetapepite.fr\/#\/schema\/logo\/image\/","url":"https:\/\/balancetapepite.fr\/wp-content\/uploads\/2022\/12\/logo-btp.jpg","contentUrl":"https:\/\/balancetapepite.fr\/wp-content\/uploads\/2022\/12\/logo-btp.jpg","width":2816,"height":2048,"caption":"Balance ta p\u00e9pite"},"image":{"@id":"https:\/\/balancetapepite.fr\/#\/schema\/logo\/image\/"},"sameAs":["https:\/\/www.instagram.com\/balancetapepite","https:\/\/www.linkedin.com\/company\/balance-ta-pepite\/","https:\/\/www.facebook.com\/balancetapepite"]},{"@type":"Person","@id":"https:\/\/balancetapepite.fr\/#\/schema\/person\/49e609108b241bb8bab019d50674cd8d","name":"balancetapepite@gmail.com","image":{"@type":"ImageObject","inLanguage":"fr-FR","@id":"https:\/\/balancetapepite.fr\/#\/schema\/person\/image\/","url":"https:\/\/secure.gravatar.com\/avatar\/3949e9c101ec4b4170ba6f9b8145f02a?s=96&d=mm&r=g","contentUrl":"https:\/\/secure.gravatar.com\/avatar\/3949e9c101ec4b4170ba6f9b8145f02a?s=96&d=mm&r=g","caption":"balancetapepite@gmail.com"},"sameAs":["http:\/\/balancetapepite.fr"],"url":"https:\/\/balancetapepite.fr\/?author=1"}]}},"_links":{"self":[{"href":"https:\/\/balancetapepite.fr\/index.php?rest_route=\/wp\/v2\/posts\/1040"}],"collection":[{"href":"https:\/\/balancetapepite.fr\/index.php?rest_route=\/wp\/v2\/posts"}],"about":[{"href":"https:\/\/balancetapepite.fr\/index.php?rest_route=\/wp\/v2\/types\/post"}],"author":[{"embeddable":true,"href":"https:\/\/balancetapepite.fr\/index.php?rest_route=\/wp\/v2\/users\/1"}],"replies":[{"embeddable":true,"href":"https:\/\/balancetapepite.fr\/index.php?rest_route=%2Fwp%2Fv2%2Fcomments&post=1040"}],"version-history":[{"count":4,"href":"https:\/\/balancetapepite.fr\/index.php?rest_route=\/wp\/v2\/posts\/1040\/revisions"}],"predecessor-version":[{"id":1189,"href":"https:\/\/balancetapepite.fr\/index.php?rest_route=\/wp\/v2\/posts\/1040\/revisions\/1189"}],"wp:featuredmedia":[{"embeddable":true,"href":"https:\/\/balancetapepite.fr\/index.php?rest_route=\/wp\/v2\/media\/1169"}],"wp:attachment":[{"href":"https:\/\/balancetapepite.fr\/index.php?rest_route=%2Fwp%2Fv2%2Fmedia&parent=1040"}],"wp:term":[{"taxonomy":"category","embeddable":true,"href":"https:\/\/balancetapepite.fr\/index.php?rest_route=%2Fwp%2Fv2%2Fcategories&post=1040"},{"taxonomy":"post_tag","embeddable":true,"href":"https:\/\/balancetapepite.fr\/index.php?rest_route=%2Fwp%2Fv2%2Ftags&post=1040"}],"curies":[{"name":"wp","href":"https:\/\/api.w.org\/{rel}","templated":true}]}}