{"id":1042,"date":"2023-03-03T14:58:09","date_gmt":"2023-03-03T14:58:09","guid":{"rendered":"https:\/\/balancetapepite.fr\/?p=1042"},"modified":"2024-11-29T13:53:40","modified_gmt":"2024-11-29T13:53:40","slug":"22-eco-feminisme","status":"publish","type":"post","link":"https:\/\/balancetapepite.fr\/?p=1042","title":{"rendered":"#22 &#8211; \u00e9co-f\u00e9minisme"},"content":{"rendered":"\n<p><em>Cet article est une audio description de l\u2019\u00e9mission de podcast Balance ton mot.<\/em><\/p>\n\n\n\n<p>Ecoutes l\u2019\u00e9pisode ici :&nbsp;<a href=\"https:\/\/open.spotify.com\/episode\/4K4pjFb5HF2sG1mLtO1nW5?si=UUh-lry_SW6EGav9FMnA8w\" target=\"_blank\" rel=\"noreferrer noopener\">Spotify<\/a>&nbsp;\u2013&nbsp;<a href=\"https:\/\/podcasts.apple.com\/fr\/podcast\/22-\u00e9cof\u00e9minisme\/id1636849923?i=1000576941065\" target=\"_blank\" rel=\"noreferrer noopener\">ApplePodcast<\/a>&nbsp;\u2013&nbsp;Deezer<\/p>\n\n\n\n<p>Qui voudrait une part \u00e9gale d\u2019un <strong>g\u00e2teau canc\u00e9rig\u00e8ne<\/strong>&nbsp;? Cette phrase n\u2019est pas de moi, mais de Sol\u00e8ne Ducr\u00e9tot, une militante qui s\u2019inscrit dans le mouvement \u00e9cof\u00e9ministe. Je vous explique tout&nbsp;!<\/p>\n\n\n\n<p>L\u2019\u00e9co-f\u00e9minisme, c\u2019est la contraction <strong>d\u2019\u00e9cologie<\/strong> et <strong>f\u00e9minisme<\/strong>. C\u2019est l\u2019autrice <strong>Fran\u00e7oise d\u2019Eaubonne<\/strong> qui en parle pour la premi\u00e8re fois dans son livre <em>\u00ab&nbsp;le F\u00e9minisme ou la mort&nbsp;\u00bb<\/em>. Elle y explique qu\u2019il y a des points communs entre le combat f\u00e9ministe et \u00e9cologique. Il y a l\u2019aspect <strong>social<\/strong>, la projection dans le <strong>futur<\/strong>, <strong>r\u00e9\u00e9quilibrer<\/strong> les \u00e9carts creus\u00e9s par le <strong>capitalisme<\/strong> et le <strong>patriarcat<\/strong>\u2026<\/p>\n\n\n\n<blockquote class=\"tiktok-embed\" cite=\"https:\/\/www.tiktok.com\/@chanelmentie\/video\/7134768138587081989\" data-video-id=\"7134768138587081989\" style=\"max-width: 605px;min-width: 325px;\"> <section> <a target=\"_blank\" title=\"@chanelmentie\" href=\"https:\/\/www.tiktok.com\/@chanelmentie?refer=embed\" rel=\"noopener\">@chanelmentie<\/a> <a title=\"sexisme\" target=\"_blank\" href=\"https:\/\/www.tiktok.com\/tag\/sexisme?refer=embed\" rel=\"noopener\"><\/a><a title=\"feministe\" target=\"_blank\" href=\"https:\/\/www.tiktok.com\/tag\/feministe?refer=embed\" rel=\"noopener\"><\/a><a title=\"feminisme\" target=\"_blank\" href=\"https:\/\/www.tiktok.com\/tag\/feminisme?refer=embed\" rel=\"noopener\"><\/a><a title=\"tiktokacademy\" target=\"_blank\" href=\"https:\/\/www.tiktok.com\/tag\/tiktokacademy?refer=embed\" rel=\"noopener\"><\/a><a title=\"tiktokacademie\" target=\"_blank\" href=\"https:\/\/www.tiktok.com\/tag\/tiktokacademie?refer=embed\" rel=\"noopener\"><\/a><a title=\"ecofeminisme\" target=\"_blank\" href=\"https:\/\/www.tiktok.com\/tag\/ecofeminisme?refer=embed\" rel=\"noopener\"><\/a><a title=\"ecologie\" target=\"_blank\" href=\"https:\/\/www.tiktok.com\/tag\/ecologie?refer=embed\" rel=\"noopener\"><\/a> <a target=\"_blank\" title=\"\u266c Monkeys Spinning Monkeys - Kevin MacLeod &amp; Kevin The Monkey\" href=\"https:\/\/www.tiktok.com\/music\/Monkeys-Spinning-Monkeys-6827446890867460097?refer=embed\" rel=\"noopener\">\u266c Monkeys Spinning Monkeys &#8211; Kevin MacLeod &amp; Kevin The Monkey<\/a> <\/section> <\/blockquote> <script async=\"\" src=\"https:\/\/www.tiktok.com\/embed.js\"><\/script>\n\n\n\n<p>Comme le <a href=\"https:\/\/balancetapepite.fr\/?p=960\" target=\"_blank\" rel=\"noreferrer noopener\">f\u00e9minisme intersectionnel<\/a>, l\u2019\u00e9co-f\u00e9minisme croise les <strong>luttes<\/strong> mais va encore plus loin. C\u2019est un outil pour <strong>repenser<\/strong> l\u2019int\u00e9gralit\u00e9 de notre soci\u00e9t\u00e9.<\/p>\n\n\n\n<p>Mais pourquoi les f\u00e9ministes se mettent \u00e0 faire de l\u2019\u00e9cologie&nbsp;? Alors, il y a plein de raisons et j\u2019en ai d\u00e9j\u00e0 \u00e9voqu\u00e9es plusieurs. Mais, il y en a une que je n\u2019ai pas encore \u00e9voqu\u00e9, c\u2019est le fait que les premi\u00e8res victimes du changement climatique sont les femmes. D\u2019ailleurs, d\u2019apr\u00e8s <strong>l\u2019ONU<\/strong>, les femmes ont <strong>14 fois plus<\/strong> de chances de mourir lors d\u2019une <strong>catastrophe<\/strong> climatique.<\/p>\n\n\n\n<p>Ce chiffre absolument fou se v\u00e9rifie dans les faits. Lors du tremblement de terre au Japon en 1995, la <strong>mortalit\u00e9<\/strong> f\u00e9minine \u00e9tait de 50% plus \u00e9lev\u00e9e que celle des hommes. Le cyclone au Bengladesh, c\u2019est 90% de femmes <strong>disparues<\/strong>. Les inondations au Pakistan&nbsp;? 78% de femmes. Ces chiffres s\u2019expliquent par les <strong>in\u00e9galit\u00e9s<\/strong> pr\u00e9sentent entre les hommes et les femmes. Elles sont plus pauvres, s\u2019occupent d\u2019avantage des enfants, ont moins acc\u00e8s aux informations\u2026 Autant de <strong>probl\u00e9matiques<\/strong> sociales qui, m\u00eal\u00e9es aux probl\u00e9matiques \u00e9cologiques, <strong>creusent<\/strong> encore plus les in\u00e9galit\u00e9s.<\/p>\n\n\n\n<p>Si ce mouvement est n\u00e9 en <strong>1974<\/strong> sous la plume de Fran\u00e7oise d\u2019Eaubonne, c\u2019est dans les ann\u00e9es <strong>80-90<\/strong> qu\u2019il se d\u00e9veloppe, particuli\u00e8rement aux <strong>Etats-Unis<\/strong>. Aujourd\u2019hui, de plus en plus de militantes f\u00e9ministes se disent \u00e9cof\u00e9ministes. Je pense a <strong>Greta Thunberg<\/strong> la militante su\u00e9doise, \u00e0 <strong>Lauren Bastide <\/strong>l\u2019essayiste Fran\u00e7aise ou encore \u00e0 <strong>Vandana Shiva<\/strong> autrice indienne.<\/p>\n\n\n\n<h3>un film pour explorer l&rsquo;\u00e9co-f\u00e9minisme<\/h3>\n\n\n\n<figure class=\"wp-block-embed is-type-video is-provider-youtube wp-block-embed-youtube wp-embed-aspect-16-9 wp-has-aspect-ratio\"><div class=\"wp-block-embed__wrapper\">\n<iframe loading=\"lazy\" title=\"ROUGE Bande Annonce VF (2020)\" width=\"500\" height=\"281\" src=\"https:\/\/www.youtube.com\/embed\/_4iOYUQzLHU?feature=oembed\" frameborder=\"0\" allow=\"accelerometer; autoplay; clipboard-write; encrypted-media; gyroscope; picture-in-picture; web-share\" allowfullscreen><\/iframe>\n<\/div><\/figure>\n\n\n\n<p>J\u2019ai d\u00e9couvert ce film totalement au hasard en cherchant un peu de clim dans une salle de cin\u00e9ma une journ\u00e9e caniculaire\u2026 et c\u2019\u00e9tait une <strong>tr\u00e8s bonne pioche<\/strong>&nbsp;! Ce thriller psychologique raconte une <strong>histoire vrai<\/strong>, celle d\u2019un <strong>d\u00e9sastre<\/strong> \u00e9cologique qui a eu lieu dans les ann\u00e9es 90 vers <strong>Marseille<\/strong>. Pendant 50 ans, l\u2019usine Alteo d\u00e9versait des produits toxiques dans la mer, catastrophique pour <strong>l\u2019\u00e9cosyst\u00e8me<\/strong>. Ce film est un v\u00e9ritable <strong>coup de poing \u00e9cologique<\/strong>, social et <strong>f\u00e9ministe<\/strong>. 1h20 d\u2019\u00e9co-f\u00e9minisme hyper bien men\u00e9. Belle surprise que je vous <strong>recommande<\/strong> tr\u00e8s fort&nbsp;!<\/p>\n\n\n\n<div class=\"has-global-padding is-layout-constrained wp-block-group\">\n<p>Si vous avez aim\u00e9 l&rsquo;\u00e9pisode, pensez \u00e0\u00a0<strong>laisser un commentaire<\/strong>\u00a0et\u00a0<strong>5 \u00e9toiles<\/strong>\u00a0sur Spotify, Deezer ou ApplePodcast pour nous aider \u00e0\u00a0<strong>faire connaitre l&rsquo;\u00e9mission<\/strong>\u00a0! Balance ton mot est un podcast pens\u00e9 par l&rsquo;association <a href=\"https:\/\/balancetapepite.fr\/\" target=\"_blank\" rel=\"noreferrer noopener\">Balance ta p\u00e9pite<\/a>. Pour soutenir <a href=\"https:\/\/balancetapepite.fr\/?page_id=81\" target=\"_blank\" rel=\"noreferrer noopener\">nos projets de sensibilisations<\/a>, vous pouvez faire un don <a href=\"https:\/\/balancetapepite.fr\/?page_id=87\" target=\"_blank\" rel=\"noreferrer noopener\">ici<\/a>.<\/p>\n\n\n\n<div class=\"is-layout-flex wp-container-3 wp-block-columns has-text-align-left\" style=\"padding-top:50px;padding-bottom:0;padding-left:300px\">\n<div class=\"is-layout-flow wp-block-column\" style=\"--col-width:33.33%;flex-basis:33.33%\">\n<figure class=\"wp-block-image aligncenter size-full is-resized\"><img decoding=\"async\" loading=\"lazy\" src=\"https:\/\/balancetapepite.fr\/wp-content\/uploads\/2022\/12\/Balance-ton-mot.jpg\" alt=\"balance ton mot bodypositive\" class=\"wp-image-646\" width=\"166\" height=\"166\"\/><\/figure>\n<\/div>\n\n\n\n<div class=\"is-layout-flow wp-block-column\" style=\"--col-width:66.66%;flex-basis:66.66%\">\n<p>Episode \u00e9crit et r\u00e9alis\u00e9 par&nbsp;<strong><a href=\"http:\/\/www.instagram.com\/chanelmentie\" target=\"_blank\" rel=\"noreferrer noopener\">Chanel Mentie<\/a><\/strong><br>Pour l&rsquo;asso Balance ta p\u00e9pite<br>Produit par <a href=\"http:\/\/www.lespetitspoings.fr\" target=\"_blank\" rel=\"noreferrer noopener\">Les Petits Poings<\/a><br>Vignette&nbsp;<a href=\"http:\/\/www.instagram.com\/escki\" target=\"_blank\" rel=\"noreferrer noopener\">Escki<\/a><br>G\u00e9n\u00e9rique Nathan Gu\u00e9ant<\/p>\n<\/div>\n<\/div>\n<\/div>\n","protected":false},"excerpt":{"rendered":"<p>Cet article est une audio description de l\u2019\u00e9mission de podcast Balance ton mot. Ecoutes l\u2019\u00e9pisode ici :&nbsp;Spotify&nbsp;\u2013&nbsp;ApplePodcast&nbsp;\u2013&nbsp;Deezer Qui voudrait une part \u00e9gale d\u2019un g\u00e2teau canc\u00e9rig\u00e8ne&nbsp;? Cette phrase n\u2019est pas de moi, mais de Sol\u00e8ne Ducr\u00e9tot, une militante qui s\u2019inscrit dans le mouvement \u00e9cof\u00e9ministe. Je vous explique tout&nbsp;! L\u2019\u00e9co-f\u00e9minisme, c\u2019est la contraction d\u2019\u00e9cologie et f\u00e9minisme. C\u2019est [&hellip;]<\/p>\n","protected":false},"author":1,"featured_media":1171,"comment_status":"closed","ping_status":"open","sticky":false,"template":"","format":"standard","meta":[],"categories":[10,11],"tags":[],"yoast_head":"<!-- This site is optimized with the Yoast SEO plugin v19.13 - https:\/\/yoast.com\/wordpress\/plugins\/seo\/ -->\n<title>#22 - \u00e9co-f\u00e9minisme - Balance ta p\u00e9pite<\/title>\n<meta name=\"description\" content=\"L&#039;\u00e9co-f\u00e9minisme, c&#039;est quoi ? ? Chanel Mentie l&#039;explique dans l&#039;\u00e9pisode de &quot;Balance ton mot&quot; sur l&#039;\u00e9co-f\u00e9minisme\" \/>\n<meta name=\"robots\" content=\"index, follow, max-snippet:-1, max-image-preview:large, max-video-preview:-1\" \/>\n<link rel=\"canonical\" href=\"https:\/\/balancetapepite.fr\/?p=1042\" \/>\n<meta property=\"og:locale\" content=\"fr_FR\" \/>\n<meta property=\"og:type\" content=\"article\" \/>\n<meta property=\"og:title\" content=\"#22 - \u00e9co-f\u00e9minisme - Balance ta p\u00e9pite\" \/>\n<meta property=\"og:description\" content=\"L&#039;\u00e9co-f\u00e9minisme, c&#039;est quoi ? ? Chanel Mentie l&#039;explique dans l&#039;\u00e9pisode de &quot;Balance ton mot&quot; sur l&#039;\u00e9co-f\u00e9minisme\" \/>\n<meta property=\"og:url\" content=\"https:\/\/balancetapepite.fr\/?p=1042\" \/>\n<meta property=\"og:site_name\" content=\"Balance ta p\u00e9pite\" \/>\n<meta property=\"article:publisher\" content=\"https:\/\/www.facebook.com\/balancetapepite\" \/>\n<meta property=\"article:published_time\" content=\"2023-03-03T14:58:09+00:00\" \/>\n<meta property=\"article:modified_time\" content=\"2024-11-29T13:53:40+00:00\" \/>\n<meta property=\"og:image\" content=\"https:\/\/balancetapepite.fr\/wp-content\/uploads\/2022\/12\/22-scaled.jpg\" \/>\n\t<meta property=\"og:image:width\" content=\"2560\" \/>\n\t<meta property=\"og:image:height\" content=\"1280\" \/>\n\t<meta property=\"og:image:type\" content=\"image\/jpeg\" \/>\n<meta name=\"author\" content=\"balancetapepite@gmail.com\" \/>\n<meta name=\"twitter:card\" content=\"summary_large_image\" \/>\n<meta name=\"twitter:label1\" content=\"\u00c9crit par\" \/>\n\t<meta name=\"twitter:data1\" content=\"balancetapepite@gmail.com\" \/>\n\t<meta name=\"twitter:label2\" content=\"Dur\u00e9e de lecture estim\u00e9e\" \/>\n\t<meta name=\"twitter:data2\" content=\"3 minutes\" \/>\n<script type=\"application\/ld+json\" class=\"yoast-schema-graph\">{\"@context\":\"https:\/\/schema.org\",\"@graph\":[{\"@type\":\"Article\",\"@id\":\"https:\/\/balancetapepite.fr\/?p=1042#article\",\"isPartOf\":{\"@id\":\"https:\/\/balancetapepite.fr\/?p=1042\"},\"author\":{\"name\":\"balancetapepite@gmail.com\",\"@id\":\"https:\/\/balancetapepite.fr\/#\/schema\/person\/49e609108b241bb8bab019d50674cd8d\"},\"headline\":\"#22 &#8211; \u00e9co-f\u00e9minisme\",\"datePublished\":\"2023-03-03T14:58:09+00:00\",\"dateModified\":\"2024-11-29T13:53:40+00:00\",\"mainEntityOfPage\":{\"@id\":\"https:\/\/balancetapepite.fr\/?p=1042\"},\"wordCount\":548,\"publisher\":{\"@id\":\"https:\/\/balancetapepite.fr\/#organization\"},\"articleSection\":[\"Balance ton mot\",\"Cahier de vacances du f\u00e9minisme\"],\"inLanguage\":\"fr-FR\"},{\"@type\":\"WebPage\",\"@id\":\"https:\/\/balancetapepite.fr\/?p=1042\",\"url\":\"https:\/\/balancetapepite.fr\/?p=1042\",\"name\":\"#22 - \u00e9co-f\u00e9minisme - Balance ta p\u00e9pite\",\"isPartOf\":{\"@id\":\"https:\/\/balancetapepite.fr\/#website\"},\"datePublished\":\"2023-03-03T14:58:09+00:00\",\"dateModified\":\"2024-11-29T13:53:40+00:00\",\"description\":\"L'\u00e9co-f\u00e9minisme, c'est quoi ? ? Chanel Mentie l'explique dans l'\u00e9pisode de \\\"Balance ton mot\\\" sur l'\u00e9co-f\u00e9minisme\",\"breadcrumb\":{\"@id\":\"https:\/\/balancetapepite.fr\/?p=1042#breadcrumb\"},\"inLanguage\":\"fr-FR\",\"potentialAction\":[{\"@type\":\"ReadAction\",\"target\":[\"https:\/\/balancetapepite.fr\/?p=1042\"]}]},{\"@type\":\"BreadcrumbList\",\"@id\":\"https:\/\/balancetapepite.fr\/?p=1042#breadcrumb\",\"itemListElement\":[{\"@type\":\"ListItem\",\"position\":1,\"name\":\"Accueil\",\"item\":\"https:\/\/balancetapepite.fr\/\"},{\"@type\":\"ListItem\",\"position\":2,\"name\":\"#22 &#8211; \u00e9co-f\u00e9minisme\"}]},{\"@type\":\"WebSite\",\"@id\":\"https:\/\/balancetapepite.fr\/#website\",\"url\":\"https:\/\/balancetapepite.fr\/\",\"name\":\"Balance ta p\u00e9pite\",\"description\":\"F\u00e9minisme et pop culture\",\"publisher\":{\"@id\":\"https:\/\/balancetapepite.fr\/#organization\"},\"potentialAction\":[{\"@type\":\"SearchAction\",\"target\":{\"@type\":\"EntryPoint\",\"urlTemplate\":\"https:\/\/balancetapepite.fr\/?s={search_term_string}\"},\"query-input\":\"required name=search_term_string\"}],\"inLanguage\":\"fr-FR\"},{\"@type\":\"Organization\",\"@id\":\"https:\/\/balancetapepite.fr\/#organization\",\"name\":\"Balance ta p\u00e9pite\",\"url\":\"https:\/\/balancetapepite.fr\/\",\"logo\":{\"@type\":\"ImageObject\",\"inLanguage\":\"fr-FR\",\"@id\":\"https:\/\/balancetapepite.fr\/#\/schema\/logo\/image\/\",\"url\":\"https:\/\/balancetapepite.fr\/wp-content\/uploads\/2022\/12\/logo-btp.jpg\",\"contentUrl\":\"https:\/\/balancetapepite.fr\/wp-content\/uploads\/2022\/12\/logo-btp.jpg\",\"width\":2816,\"height\":2048,\"caption\":\"Balance ta p\u00e9pite\"},\"image\":{\"@id\":\"https:\/\/balancetapepite.fr\/#\/schema\/logo\/image\/\"},\"sameAs\":[\"https:\/\/www.instagram.com\/balancetapepite\",\"https:\/\/www.linkedin.com\/company\/balance-ta-pepite\/\",\"https:\/\/www.facebook.com\/balancetapepite\"]},{\"@type\":\"Person\",\"@id\":\"https:\/\/balancetapepite.fr\/#\/schema\/person\/49e609108b241bb8bab019d50674cd8d\",\"name\":\"balancetapepite@gmail.com\",\"image\":{\"@type\":\"ImageObject\",\"inLanguage\":\"fr-FR\",\"@id\":\"https:\/\/balancetapepite.fr\/#\/schema\/person\/image\/\",\"url\":\"https:\/\/secure.gravatar.com\/avatar\/3949e9c101ec4b4170ba6f9b8145f02a?s=96&d=mm&r=g\",\"contentUrl\":\"https:\/\/secure.gravatar.com\/avatar\/3949e9c101ec4b4170ba6f9b8145f02a?s=96&d=mm&r=g\",\"caption\":\"balancetapepite@gmail.com\"},\"sameAs\":[\"http:\/\/balancetapepite.fr\"],\"url\":\"https:\/\/balancetapepite.fr\/?author=1\"}]}<\/script>\n<!-- \/ Yoast SEO plugin. -->","yoast_head_json":{"title":"#22 - \u00e9co-f\u00e9minisme - Balance ta p\u00e9pite","description":"L'\u00e9co-f\u00e9minisme, c'est quoi ? ? Chanel Mentie l'explique dans l'\u00e9pisode de \"Balance ton mot\" sur l'\u00e9co-f\u00e9minisme","robots":{"index":"index","follow":"follow","max-snippet":"max-snippet:-1","max-image-preview":"max-image-preview:large","max-video-preview":"max-video-preview:-1"},"canonical":"https:\/\/balancetapepite.fr\/?p=1042","og_locale":"fr_FR","og_type":"article","og_title":"#22 - \u00e9co-f\u00e9minisme - Balance ta p\u00e9pite","og_description":"L'\u00e9co-f\u00e9minisme, c'est quoi ? ? Chanel Mentie l'explique dans l'\u00e9pisode de \"Balance ton mot\" sur l'\u00e9co-f\u00e9minisme","og_url":"https:\/\/balancetapepite.fr\/?p=1042","og_site_name":"Balance ta p\u00e9pite","article_publisher":"https:\/\/www.facebook.com\/balancetapepite","article_published_time":"2023-03-03T14:58:09+00:00","article_modified_time":"2024-11-29T13:53:40+00:00","og_image":[{"width":2560,"height":1280,"url":"https:\/\/balancetapepite.fr\/wp-content\/uploads\/2022\/12\/22-scaled.jpg","type":"image\/jpeg"}],"author":"balancetapepite@gmail.com","twitter_card":"summary_large_image","twitter_misc":{"\u00c9crit par":"balancetapepite@gmail.com","Dur\u00e9e de lecture estim\u00e9e":"3 minutes"},"schema":{"@context":"https:\/\/schema.org","@graph":[{"@type":"Article","@id":"https:\/\/balancetapepite.fr\/?p=1042#article","isPartOf":{"@id":"https:\/\/balancetapepite.fr\/?p=1042"},"author":{"name":"balancetapepite@gmail.com","@id":"https:\/\/balancetapepite.fr\/#\/schema\/person\/49e609108b241bb8bab019d50674cd8d"},"headline":"#22 &#8211; \u00e9co-f\u00e9minisme","datePublished":"2023-03-03T14:58:09+00:00","dateModified":"2024-11-29T13:53:40+00:00","mainEntityOfPage":{"@id":"https:\/\/balancetapepite.fr\/?p=1042"},"wordCount":548,"publisher":{"@id":"https:\/\/balancetapepite.fr\/#organization"},"articleSection":["Balance ton mot","Cahier de vacances du f\u00e9minisme"],"inLanguage":"fr-FR"},{"@type":"WebPage","@id":"https:\/\/balancetapepite.fr\/?p=1042","url":"https:\/\/balancetapepite.fr\/?p=1042","name":"#22 - \u00e9co-f\u00e9minisme - Balance ta p\u00e9pite","isPartOf":{"@id":"https:\/\/balancetapepite.fr\/#website"},"datePublished":"2023-03-03T14:58:09+00:00","dateModified":"2024-11-29T13:53:40+00:00","description":"L'\u00e9co-f\u00e9minisme, c'est quoi ? ? Chanel Mentie l'explique dans l'\u00e9pisode de \"Balance ton mot\" sur l'\u00e9co-f\u00e9minisme","breadcrumb":{"@id":"https:\/\/balancetapepite.fr\/?p=1042#breadcrumb"},"inLanguage":"fr-FR","potentialAction":[{"@type":"ReadAction","target":["https:\/\/balancetapepite.fr\/?p=1042"]}]},{"@type":"BreadcrumbList","@id":"https:\/\/balancetapepite.fr\/?p=1042#breadcrumb","itemListElement":[{"@type":"ListItem","position":1,"name":"Accueil","item":"https:\/\/balancetapepite.fr\/"},{"@type":"ListItem","position":2,"name":"#22 &#8211; \u00e9co-f\u00e9minisme"}]},{"@type":"WebSite","@id":"https:\/\/balancetapepite.fr\/#website","url":"https:\/\/balancetapepite.fr\/","name":"Balance ta p\u00e9pite","description":"F\u00e9minisme et pop culture","publisher":{"@id":"https:\/\/balancetapepite.fr\/#organization"},"potentialAction":[{"@type":"SearchAction","target":{"@type":"EntryPoint","urlTemplate":"https:\/\/balancetapepite.fr\/?s={search_term_string}"},"query-input":"required name=search_term_string"}],"inLanguage":"fr-FR"},{"@type":"Organization","@id":"https:\/\/balancetapepite.fr\/#organization","name":"Balance ta p\u00e9pite","url":"https:\/\/balancetapepite.fr\/","logo":{"@type":"ImageObject","inLanguage":"fr-FR","@id":"https:\/\/balancetapepite.fr\/#\/schema\/logo\/image\/","url":"https:\/\/balancetapepite.fr\/wp-content\/uploads\/2022\/12\/logo-btp.jpg","contentUrl":"https:\/\/balancetapepite.fr\/wp-content\/uploads\/2022\/12\/logo-btp.jpg","width":2816,"height":2048,"caption":"Balance ta p\u00e9pite"},"image":{"@id":"https:\/\/balancetapepite.fr\/#\/schema\/logo\/image\/"},"sameAs":["https:\/\/www.instagram.com\/balancetapepite","https:\/\/www.linkedin.com\/company\/balance-ta-pepite\/","https:\/\/www.facebook.com\/balancetapepite"]},{"@type":"Person","@id":"https:\/\/balancetapepite.fr\/#\/schema\/person\/49e609108b241bb8bab019d50674cd8d","name":"balancetapepite@gmail.com","image":{"@type":"ImageObject","inLanguage":"fr-FR","@id":"https:\/\/balancetapepite.fr\/#\/schema\/person\/image\/","url":"https:\/\/secure.gravatar.com\/avatar\/3949e9c101ec4b4170ba6f9b8145f02a?s=96&d=mm&r=g","contentUrl":"https:\/\/secure.gravatar.com\/avatar\/3949e9c101ec4b4170ba6f9b8145f02a?s=96&d=mm&r=g","caption":"balancetapepite@gmail.com"},"sameAs":["http:\/\/balancetapepite.fr"],"url":"https:\/\/balancetapepite.fr\/?author=1"}]}},"_links":{"self":[{"href":"https:\/\/balancetapepite.fr\/index.php?rest_route=\/wp\/v2\/posts\/1042"}],"collection":[{"href":"https:\/\/balancetapepite.fr\/index.php?rest_route=\/wp\/v2\/posts"}],"about":[{"href":"https:\/\/balancetapepite.fr\/index.php?rest_route=\/wp\/v2\/types\/post"}],"author":[{"embeddable":true,"href":"https:\/\/balancetapepite.fr\/index.php?rest_route=\/wp\/v2\/users\/1"}],"replies":[{"embeddable":true,"href":"https:\/\/balancetapepite.fr\/index.php?rest_route=%2Fwp%2Fv2%2Fcomments&post=1042"}],"version-history":[{"count":6,"href":"https:\/\/balancetapepite.fr\/index.php?rest_route=\/wp\/v2\/posts\/1042\/revisions"}],"predecessor-version":[{"id":1191,"href":"https:\/\/balancetapepite.fr\/index.php?rest_route=\/wp\/v2\/posts\/1042\/revisions\/1191"}],"wp:featuredmedia":[{"embeddable":true,"href":"https:\/\/balancetapepite.fr\/index.php?rest_route=\/wp\/v2\/media\/1171"}],"wp:attachment":[{"href":"https:\/\/balancetapepite.fr\/index.php?rest_route=%2Fwp%2Fv2%2Fmedia&parent=1042"}],"wp:term":[{"taxonomy":"category","embeddable":true,"href":"https:\/\/balancetapepite.fr\/index.php?rest_route=%2Fwp%2Fv2%2Fcategories&post=1042"},{"taxonomy":"post_tag","embeddable":true,"href":"https:\/\/balancetapepite.fr\/index.php?rest_route=%2Fwp%2Fv2%2Ftags&post=1042"}],"curies":[{"name":"wp","href":"https:\/\/api.w.org\/{rel}","templated":true}]}}