{"id":1045,"date":"2023-03-03T15:21:24","date_gmt":"2023-03-03T15:21:24","guid":{"rendered":"https:\/\/balancetapepite.fr\/?p=1045"},"modified":"2024-11-29T13:54:00","modified_gmt":"2024-11-29T13:54:00","slug":"25-micro-agressions","status":"publish","type":"post","link":"https:\/\/balancetapepite.fr\/?p=1045","title":{"rendered":"#25 &#8211; micro-agressions"},"content":{"rendered":"\n<p><em>Cet article est une audio description de l\u2019\u00e9mission de podcast Balance ton mot.<\/em><\/p>\n\n\n\n<p>Ecoutes l\u2019\u00e9pisode ici :&nbsp;<a href=\"https:\/\/open.spotify.com\/episode\/2APtDwQ9scuFPVcLVU0x9K?si=dwGQ1G2gSBC3OXFEQSZYYA\" target=\"_blank\" rel=\"noreferrer noopener\">Spotify<\/a>&nbsp;\u2013&nbsp;<a href=\"https:\/\/podcasts.apple.com\/fr\/podcast\/25-les-micro-agressions\/id1636849923?i=1000577332754\" target=\"_blank\" rel=\"noreferrer noopener\">ApplePodcast<\/a>&nbsp;\u2013&nbsp;<a href=\"https:\/\/deezer.page.link\/JnYA9QQ4nHnCAYV89\" target=\"_blank\" rel=\"noreferrer noopener\">Deezer<\/a><\/p>\n\n\n\n<p>\u00ab&nbsp;T\u2019es belle pour une noire&nbsp;\u00bb<br>\u00ab&nbsp;c\u2019est marrant on dirait vraiment pas que t\u2019es lesbienne&nbsp;\u00bb<br>\u00ab&nbsp;ah donc t\u2019es asiatique&nbsp;\u00bb<br>\u00ab&nbsp;t\u2019es bonne en math pour une meuf&nbsp;\u00bb<br>Toutes ces phrases sont des <strong>micro-agressions<\/strong>, Je t&rsquo;explique&nbsp;!<\/p>\n\n\n\n<p>Ce <strong>concept<\/strong> venu tout droit des <strong>\u00c9tats-Unis<\/strong> sont&nbsp;des insultes ou attitudes <em>\u00ab&nbsp;intentionnelles ou non&nbsp;\u00bb <\/em>qui <em>\u00ab&nbsp;communiquent des messages hostiles ou m\u00e9prisants \u00adciblant des personnes sur la seule base de leur appartenance \u00e0 un groupe marginalis\u00e9&nbsp;\u00bb<\/em> Ils v\u00e9hiculent souvent des <strong>sous-entendus<\/strong> li\u00e9s \u00e0 des st\u00e9r\u00e9otypes racistes, validiste, grossophophe, homophobe\u2026<\/p>\n\n\n\n<blockquote class=\"tiktok-embed\" cite=\"https:\/\/www.tiktok.com\/@chanelmentie\/video\/7103936722844650758\" data-video-id=\"7103936722844650758\" style=\"max-width: 605px;min-width: 325px;\"> <section> <a target=\"_blank\" title=\"@chanelmentie\" href=\"https:\/\/www.tiktok.com\/@chanelmentie?refer=embed\" rel=\"noopener\">@chanelmentie<\/a> C\u2019est quoi les pire st\u00e9r\u00e9otypes dans les fictions selon toi ? <a title=\"microinfluencer\" target=\"_blank\" href=\"https:\/\/www.tiktok.com\/tag\/microinfluencer?refer=embed\" rel=\"noopener\">#microinfluencer<\/a> <a title=\"discoverunder10k\" target=\"_blank\" href=\"https:\/\/www.tiktok.com\/tag\/discoverunder10k?refer=embed\" rel=\"noopener\">#discoverunder10k<\/a> <a title=\"feministe\" target=\"_blank\" href=\"https:\/\/www.tiktok.com\/tag\/feministe?refer=embed\" rel=\"noopener\">#feministe<\/a> <a title=\"feminisme\" target=\"_blank\" href=\"https:\/\/www.tiktok.com\/tag\/feminisme?refer=embed\" rel=\"noopener\">#feminisme<\/a> <a title=\"femalegaze\" target=\"_blank\" href=\"https:\/\/www.tiktok.com\/tag\/femalegaze?refer=embed\" rel=\"noopener\">#femalegaze<\/a> <a title=\"cinema\" target=\"_blank\" href=\"https:\/\/www.tiktok.com\/tag\/cinema?refer=embed\" rel=\"noopener\">#cinema<\/a> <a title=\"tiktokacademy\" target=\"_blank\" href=\"https:\/\/www.tiktok.com\/tag\/tiktokacademy?refer=embed\" rel=\"noopener\">#tiktokacademy<\/a> <a title=\"tiktokacad\u00e9mie\" target=\"_blank\" href=\"https:\/\/www.tiktok.com\/tag\/tiktokacad%C3%A9mie?refer=embed\" rel=\"noopener\">#tiktokacad\u00e9mie<\/a> <a target=\"_blank\" title=\"\u266c Monkeyshine-JP - Lt FitzGibbons Men\" href=\"https:\/\/www.tiktok.com\/music\/Monkeyshine-JP-6999894365447391234?refer=embed\" rel=\"noopener\">\u266c Monkeyshine-JP &#8211; Lt FitzGibbons Men<\/a> <\/section> <\/blockquote> <script async=\"\" src=\"https:\/\/www.tiktok.com\/embed.js\"><\/script>\n\n\n\n<p>Le terme de micro-agression a \u00e9t\u00e9 invent\u00e9 en <strong>1970<\/strong> par Chester M. Pierce, un <strong>professeur de psychiatrie afro-am\u00e9ricain<\/strong> de la prestigieuse universit\u00e9 de <strong>Harvard<\/strong>. A l\u2019\u00e9poque, il d\u00e9non\u00e7ait sp\u00e9cifiquement les propos <strong>racistes<\/strong> des personnes blanches envers les personnes noires.<\/p>\n\n\n\n<p>C\u2019est en <strong>2010<\/strong> que le terme ressort grace au psychologue am\u00e9ricain Derald Win Sue. Dans son livre sur les micro-agressions, il \u00e9largie la porter du concept en indiquant qu\u2019elles existent envers toutes les personnes issues de <strong>groupes<\/strong> <strong>discrimin\u00e9s<\/strong>.<\/p>\n\n\n\n<p>La complexit\u00e9 du concept de micro-agression, c\u2019est que les agresseurs ne <strong>se rendent pas forc\u00e9ment<\/strong> compte de l\u2019impact et n\u2019a pas forc\u00e9ment pour but de blesser son interlocuteurice. Pourtant, comme on en parlait dans l\u2019\u00e9pisode 16, les <a href=\"https:\/\/balancetapepite.fr\/?p=1033\" target=\"_blank\" rel=\"noreferrer noopener\">st\u00e9r\u00e9otypes<\/a> v\u00e9hicul\u00e9s peuvent, en plus de <strong>blesser<\/strong>, avoir un lourd <strong>impact<\/strong> sur les personnes vis\u00e9es.&nbsp;&nbsp;<\/p>\n\n\n\n<p>Pour nous aider \u00e0 identifier les micro-agressions,&nbsp;Derald Win Sue propose dans son ouvrage trois cat\u00e9gories. Les <strong>microassauts<\/strong>, c\u2019est-\u00e0-dire des attaques consid\u00e9r\u00e9es comme <strong>intentionnelles<\/strong>, dans les mots ou dans les faits. La deuxi\u00e8me cat\u00e9gorie s\u2019appelle les <strong>micro-insultes<\/strong>. Elles sont pr\u00e9sent\u00e9es comme le plus souvent <strong>inconscientes<\/strong>. Un compliment clich\u00e9 qui peut paraitre malhabile mais qui, en finalit\u00e9, est une agression (par exemple, les phrases cit\u00e9es en introduction de l\u2019\u00e9pisode) Enfin, derni\u00e8re cat\u00e9gorie les <strong>micro-invalidations<\/strong>. Un exemple tr\u00e8s concret&nbsp;: complimenter une personne d\u2019origine asiatique, n\u00e9e en France, sur la ma\u00eetrise du Fran\u00e7ais. C\u2019est la ramener en permanence \u00e0 un<strong> statut d\u2019\u00e9tranger<\/strong>, or, \u00e7a n\u2019est pas le cas.<\/p>\n\n\n\n<h3>une bd pour explorer les micro-agressions<\/h3>\n\n\n\n<figure class=\"wp-block-image aligncenter size-full is-resized\"><img decoding=\"async\" loading=\"lazy\" src=\"https:\/\/balancetapepite.fr\/wp-content\/uploads\/2023\/03\/Les-p-tites-meufs.jpg\" alt=\"micro-agressions\" class=\"wp-image-1105\" width=\"400\" height=\"530\"\/><\/figure>\n\n\n\n<p>Une bande-dessin\u00e9e qui invite \u00e0 s\u2019accepter c\u2019est <strong>P\u2019tite meuf <\/strong>de l\u2019illustratrice <strong>Marie-Lou Lesage<\/strong> aux \u00e9ditions Marabulles. Elle qui mesure 1,53m a eu plus d\u2019un <strong>d\u00e9fi<\/strong> li\u00e9 \u00e0 sa taille \u00e0 relever dans son quotidien. C\u2019est avec <strong>humour<\/strong> et l\u00e9g\u00e8ret\u00e9 que l\u2019illustratrice partage ces solutions pour se faciliter la vie quand on est petite. Elle <strong>d\u00e9complexe<\/strong> et aide \u00e0 <strong>s\u2019assumer<\/strong>. Que vous soyez ados ou non, petite ou grande, cette bande-dessin\u00e9e m\u00e9rite vraiment d\u2019\u00eatre lu&nbsp;!<\/p>\n\n\n\n<div class=\"has-global-padding is-layout-constrained wp-block-group\">\n<p>Si vous avez aim\u00e9 l&rsquo;\u00e9pisode, pensez \u00e0\u00a0<strong>laisser un commentaire<\/strong>\u00a0et\u00a0<strong>5 \u00e9toiles<\/strong>\u00a0sur Spotify, Deezer ou ApplePodcast pour nous aider \u00e0\u00a0<strong>faire connaitre l&rsquo;\u00e9mission<\/strong>\u00a0! Balance ton mot est un podcast pens\u00e9 par l&rsquo;association <a href=\"https:\/\/balancetapepite.fr\/\" target=\"_blank\" rel=\"noreferrer noopener\">Balance ta p\u00e9pite<\/a>. Pour soutenir <a href=\"https:\/\/balancetapepite.fr\/?page_id=81\" target=\"_blank\" rel=\"noreferrer noopener\">nos projets de sensibilisations<\/a>, vous pouvez faire un don <a href=\"https:\/\/balancetapepite.fr\/?page_id=87\" target=\"_blank\" rel=\"noreferrer noopener\">ici<\/a>.<\/p>\n\n\n\n<div class=\"is-layout-flex wp-container-3 wp-block-columns has-text-align-left\" style=\"padding-top:50px;padding-bottom:0;padding-left:300px\">\n<div class=\"is-layout-flow wp-block-column\" style=\"--col-width:33.33%;flex-basis:33.33%\">\n<figure class=\"wp-block-image aligncenter size-full is-resized\"><img decoding=\"async\" loading=\"lazy\" src=\"https:\/\/balancetapepite.fr\/wp-content\/uploads\/2022\/12\/Balance-ton-mot.jpg\" alt=\"balance ton mot bodypositive\" class=\"wp-image-646\" width=\"166\" height=\"166\"\/><\/figure>\n<\/div>\n\n\n\n<div class=\"is-layout-flow wp-block-column\" style=\"--col-width:66.66%;flex-basis:66.66%\">\n<p>Episode \u00e9crit et r\u00e9alis\u00e9 par&nbsp;<strong><a href=\"http:\/\/www.instagram.com\/chanelmentie\" target=\"_blank\" rel=\"noreferrer noopener\">Chanel Mentie<\/a><\/strong><br>Pour l&rsquo;asso Balance ta p\u00e9pite<br>Produit par <a href=\"http:\/\/www.lespetitspoings.fr\" target=\"_blank\" rel=\"noreferrer noopener\">Les Petits Poings<\/a><br>Vignette&nbsp;<a href=\"http:\/\/www.instagram.com\/escki\" target=\"_blank\" rel=\"noreferrer noopener\">Escki<\/a><br>G\u00e9n\u00e9rique Nathan Gu\u00e9ant<\/p>\n<\/div>\n<\/div>\n<\/div>\n","protected":false},"excerpt":{"rendered":"<p>Cet article est une audio description de l\u2019\u00e9mission de podcast Balance ton mot. Ecoutes l\u2019\u00e9pisode ici :&nbsp;Spotify&nbsp;\u2013&nbsp;ApplePodcast&nbsp;\u2013&nbsp;Deezer \u00ab&nbsp;T\u2019es belle pour une noire&nbsp;\u00bb\u00ab&nbsp;c\u2019est marrant on dirait vraiment pas que t\u2019es lesbienne&nbsp;\u00bb\u00ab&nbsp;ah donc t\u2019es asiatique&nbsp;\u00bb\u00ab&nbsp;t\u2019es bonne en math pour une meuf&nbsp;\u00bbToutes ces phrases sont des micro-agressions, Je t&rsquo;explique&nbsp;! Ce concept venu tout droit des \u00c9tats-Unis sont&nbsp;des insultes [&hellip;]<\/p>\n","protected":false},"author":1,"featured_media":1174,"comment_status":"closed","ping_status":"open","sticky":false,"template":"","format":"standard","meta":[],"categories":[10,11],"tags":[],"yoast_head":"<!-- This site is optimized with the Yoast SEO plugin v19.13 - https:\/\/yoast.com\/wordpress\/plugins\/seo\/ -->\n<title>#25 - micro-agressions - Balance ta p\u00e9pite<\/title>\n<meta name=\"description\" content=\"Les micro-agressions c&#039;est quoi ? Chanel Mentie te l&#039;explique dans l&#039;\u00e9pisode de son podcast &quot;Balance ton mot&quot; sur les micro-agressions\" \/>\n<meta name=\"robots\" content=\"index, follow, max-snippet:-1, max-image-preview:large, max-video-preview:-1\" \/>\n<link rel=\"canonical\" href=\"https:\/\/balancetapepite.fr\/?p=1045\" \/>\n<meta property=\"og:locale\" content=\"fr_FR\" \/>\n<meta property=\"og:type\" content=\"article\" \/>\n<meta property=\"og:title\" content=\"#25 - micro-agressions - Balance ta p\u00e9pite\" \/>\n<meta property=\"og:description\" content=\"Les micro-agressions c&#039;est quoi ? Chanel Mentie te l&#039;explique dans l&#039;\u00e9pisode de son podcast &quot;Balance ton mot&quot; sur les micro-agressions\" \/>\n<meta property=\"og:url\" content=\"https:\/\/balancetapepite.fr\/?p=1045\" \/>\n<meta property=\"og:site_name\" content=\"Balance ta p\u00e9pite\" \/>\n<meta property=\"article:publisher\" content=\"https:\/\/www.facebook.com\/balancetapepite\" \/>\n<meta property=\"article:published_time\" content=\"2023-03-03T15:21:24+00:00\" \/>\n<meta property=\"article:modified_time\" content=\"2024-11-29T13:54:00+00:00\" \/>\n<meta property=\"og:image\" content=\"https:\/\/balancetapepite.fr\/wp-content\/uploads\/2022\/12\/25-scaled.jpg\" \/>\n\t<meta property=\"og:image:width\" content=\"2560\" \/>\n\t<meta property=\"og:image:height\" content=\"1280\" \/>\n\t<meta property=\"og:image:type\" content=\"image\/jpeg\" \/>\n<meta name=\"author\" content=\"balancetapepite@gmail.com\" \/>\n<meta name=\"twitter:card\" content=\"summary_large_image\" \/>\n<meta name=\"twitter:label1\" content=\"\u00c9crit par\" \/>\n\t<meta name=\"twitter:data1\" content=\"balancetapepite@gmail.com\" \/>\n\t<meta name=\"twitter:label2\" content=\"Dur\u00e9e de lecture estim\u00e9e\" \/>\n\t<meta name=\"twitter:data2\" content=\"3 minutes\" \/>\n<script type=\"application\/ld+json\" class=\"yoast-schema-graph\">{\"@context\":\"https:\/\/schema.org\",\"@graph\":[{\"@type\":\"Article\",\"@id\":\"https:\/\/balancetapepite.fr\/?p=1045#article\",\"isPartOf\":{\"@id\":\"https:\/\/balancetapepite.fr\/?p=1045\"},\"author\":{\"name\":\"balancetapepite@gmail.com\",\"@id\":\"https:\/\/balancetapepite.fr\/#\/schema\/person\/49e609108b241bb8bab019d50674cd8d\"},\"headline\":\"#25 &#8211; micro-agressions\",\"datePublished\":\"2023-03-03T15:21:24+00:00\",\"dateModified\":\"2024-11-29T13:54:00+00:00\",\"mainEntityOfPage\":{\"@id\":\"https:\/\/balancetapepite.fr\/?p=1045\"},\"wordCount\":530,\"publisher\":{\"@id\":\"https:\/\/balancetapepite.fr\/#organization\"},\"articleSection\":[\"Balance ton mot\",\"Cahier de vacances du f\u00e9minisme\"],\"inLanguage\":\"fr-FR\"},{\"@type\":\"WebPage\",\"@id\":\"https:\/\/balancetapepite.fr\/?p=1045\",\"url\":\"https:\/\/balancetapepite.fr\/?p=1045\",\"name\":\"#25 - micro-agressions - Balance ta p\u00e9pite\",\"isPartOf\":{\"@id\":\"https:\/\/balancetapepite.fr\/#website\"},\"datePublished\":\"2023-03-03T15:21:24+00:00\",\"dateModified\":\"2024-11-29T13:54:00+00:00\",\"description\":\"Les micro-agressions c'est quoi ? Chanel Mentie te l'explique dans l'\u00e9pisode de son podcast \\\"Balance ton mot\\\" sur les micro-agressions\",\"breadcrumb\":{\"@id\":\"https:\/\/balancetapepite.fr\/?p=1045#breadcrumb\"},\"inLanguage\":\"fr-FR\",\"potentialAction\":[{\"@type\":\"ReadAction\",\"target\":[\"https:\/\/balancetapepite.fr\/?p=1045\"]}]},{\"@type\":\"BreadcrumbList\",\"@id\":\"https:\/\/balancetapepite.fr\/?p=1045#breadcrumb\",\"itemListElement\":[{\"@type\":\"ListItem\",\"position\":1,\"name\":\"Accueil\",\"item\":\"https:\/\/balancetapepite.fr\/\"},{\"@type\":\"ListItem\",\"position\":2,\"name\":\"#25 &#8211; micro-agressions\"}]},{\"@type\":\"WebSite\",\"@id\":\"https:\/\/balancetapepite.fr\/#website\",\"url\":\"https:\/\/balancetapepite.fr\/\",\"name\":\"Balance ta p\u00e9pite\",\"description\":\"F\u00e9minisme et pop culture\",\"publisher\":{\"@id\":\"https:\/\/balancetapepite.fr\/#organization\"},\"potentialAction\":[{\"@type\":\"SearchAction\",\"target\":{\"@type\":\"EntryPoint\",\"urlTemplate\":\"https:\/\/balancetapepite.fr\/?s={search_term_string}\"},\"query-input\":\"required name=search_term_string\"}],\"inLanguage\":\"fr-FR\"},{\"@type\":\"Organization\",\"@id\":\"https:\/\/balancetapepite.fr\/#organization\",\"name\":\"Balance ta p\u00e9pite\",\"url\":\"https:\/\/balancetapepite.fr\/\",\"logo\":{\"@type\":\"ImageObject\",\"inLanguage\":\"fr-FR\",\"@id\":\"https:\/\/balancetapepite.fr\/#\/schema\/logo\/image\/\",\"url\":\"https:\/\/balancetapepite.fr\/wp-content\/uploads\/2022\/12\/logo-btp.jpg\",\"contentUrl\":\"https:\/\/balancetapepite.fr\/wp-content\/uploads\/2022\/12\/logo-btp.jpg\",\"width\":2816,\"height\":2048,\"caption\":\"Balance ta p\u00e9pite\"},\"image\":{\"@id\":\"https:\/\/balancetapepite.fr\/#\/schema\/logo\/image\/\"},\"sameAs\":[\"https:\/\/www.instagram.com\/balancetapepite\",\"https:\/\/www.linkedin.com\/company\/balance-ta-pepite\/\",\"https:\/\/www.facebook.com\/balancetapepite\"]},{\"@type\":\"Person\",\"@id\":\"https:\/\/balancetapepite.fr\/#\/schema\/person\/49e609108b241bb8bab019d50674cd8d\",\"name\":\"balancetapepite@gmail.com\",\"image\":{\"@type\":\"ImageObject\",\"inLanguage\":\"fr-FR\",\"@id\":\"https:\/\/balancetapepite.fr\/#\/schema\/person\/image\/\",\"url\":\"https:\/\/secure.gravatar.com\/avatar\/3949e9c101ec4b4170ba6f9b8145f02a?s=96&d=mm&r=g\",\"contentUrl\":\"https:\/\/secure.gravatar.com\/avatar\/3949e9c101ec4b4170ba6f9b8145f02a?s=96&d=mm&r=g\",\"caption\":\"balancetapepite@gmail.com\"},\"sameAs\":[\"http:\/\/balancetapepite.fr\"],\"url\":\"https:\/\/balancetapepite.fr\/?author=1\"}]}<\/script>\n<!-- \/ Yoast SEO plugin. -->","yoast_head_json":{"title":"#25 - micro-agressions - Balance ta p\u00e9pite","description":"Les micro-agressions c'est quoi ? Chanel Mentie te l'explique dans l'\u00e9pisode de son podcast \"Balance ton mot\" sur les micro-agressions","robots":{"index":"index","follow":"follow","max-snippet":"max-snippet:-1","max-image-preview":"max-image-preview:large","max-video-preview":"max-video-preview:-1"},"canonical":"https:\/\/balancetapepite.fr\/?p=1045","og_locale":"fr_FR","og_type":"article","og_title":"#25 - micro-agressions - Balance ta p\u00e9pite","og_description":"Les micro-agressions c'est quoi ? Chanel Mentie te l'explique dans l'\u00e9pisode de son podcast \"Balance ton mot\" sur les micro-agressions","og_url":"https:\/\/balancetapepite.fr\/?p=1045","og_site_name":"Balance ta p\u00e9pite","article_publisher":"https:\/\/www.facebook.com\/balancetapepite","article_published_time":"2023-03-03T15:21:24+00:00","article_modified_time":"2024-11-29T13:54:00+00:00","og_image":[{"width":2560,"height":1280,"url":"https:\/\/balancetapepite.fr\/wp-content\/uploads\/2022\/12\/25-scaled.jpg","type":"image\/jpeg"}],"author":"balancetapepite@gmail.com","twitter_card":"summary_large_image","twitter_misc":{"\u00c9crit par":"balancetapepite@gmail.com","Dur\u00e9e de lecture estim\u00e9e":"3 minutes"},"schema":{"@context":"https:\/\/schema.org","@graph":[{"@type":"Article","@id":"https:\/\/balancetapepite.fr\/?p=1045#article","isPartOf":{"@id":"https:\/\/balancetapepite.fr\/?p=1045"},"author":{"name":"balancetapepite@gmail.com","@id":"https:\/\/balancetapepite.fr\/#\/schema\/person\/49e609108b241bb8bab019d50674cd8d"},"headline":"#25 &#8211; micro-agressions","datePublished":"2023-03-03T15:21:24+00:00","dateModified":"2024-11-29T13:54:00+00:00","mainEntityOfPage":{"@id":"https:\/\/balancetapepite.fr\/?p=1045"},"wordCount":530,"publisher":{"@id":"https:\/\/balancetapepite.fr\/#organization"},"articleSection":["Balance ton mot","Cahier de vacances du f\u00e9minisme"],"inLanguage":"fr-FR"},{"@type":"WebPage","@id":"https:\/\/balancetapepite.fr\/?p=1045","url":"https:\/\/balancetapepite.fr\/?p=1045","name":"#25 - micro-agressions - Balance ta p\u00e9pite","isPartOf":{"@id":"https:\/\/balancetapepite.fr\/#website"},"datePublished":"2023-03-03T15:21:24+00:00","dateModified":"2024-11-29T13:54:00+00:00","description":"Les micro-agressions c'est quoi ? Chanel Mentie te l'explique dans l'\u00e9pisode de son podcast \"Balance ton mot\" sur les micro-agressions","breadcrumb":{"@id":"https:\/\/balancetapepite.fr\/?p=1045#breadcrumb"},"inLanguage":"fr-FR","potentialAction":[{"@type":"ReadAction","target":["https:\/\/balancetapepite.fr\/?p=1045"]}]},{"@type":"BreadcrumbList","@id":"https:\/\/balancetapepite.fr\/?p=1045#breadcrumb","itemListElement":[{"@type":"ListItem","position":1,"name":"Accueil","item":"https:\/\/balancetapepite.fr\/"},{"@type":"ListItem","position":2,"name":"#25 &#8211; micro-agressions"}]},{"@type":"WebSite","@id":"https:\/\/balancetapepite.fr\/#website","url":"https:\/\/balancetapepite.fr\/","name":"Balance ta p\u00e9pite","description":"F\u00e9minisme et pop culture","publisher":{"@id":"https:\/\/balancetapepite.fr\/#organization"},"potentialAction":[{"@type":"SearchAction","target":{"@type":"EntryPoint","urlTemplate":"https:\/\/balancetapepite.fr\/?s={search_term_string}"},"query-input":"required name=search_term_string"}],"inLanguage":"fr-FR"},{"@type":"Organization","@id":"https:\/\/balancetapepite.fr\/#organization","name":"Balance ta p\u00e9pite","url":"https:\/\/balancetapepite.fr\/","logo":{"@type":"ImageObject","inLanguage":"fr-FR","@id":"https:\/\/balancetapepite.fr\/#\/schema\/logo\/image\/","url":"https:\/\/balancetapepite.fr\/wp-content\/uploads\/2022\/12\/logo-btp.jpg","contentUrl":"https:\/\/balancetapepite.fr\/wp-content\/uploads\/2022\/12\/logo-btp.jpg","width":2816,"height":2048,"caption":"Balance ta p\u00e9pite"},"image":{"@id":"https:\/\/balancetapepite.fr\/#\/schema\/logo\/image\/"},"sameAs":["https:\/\/www.instagram.com\/balancetapepite","https:\/\/www.linkedin.com\/company\/balance-ta-pepite\/","https:\/\/www.facebook.com\/balancetapepite"]},{"@type":"Person","@id":"https:\/\/balancetapepite.fr\/#\/schema\/person\/49e609108b241bb8bab019d50674cd8d","name":"balancetapepite@gmail.com","image":{"@type":"ImageObject","inLanguage":"fr-FR","@id":"https:\/\/balancetapepite.fr\/#\/schema\/person\/image\/","url":"https:\/\/secure.gravatar.com\/avatar\/3949e9c101ec4b4170ba6f9b8145f02a?s=96&d=mm&r=g","contentUrl":"https:\/\/secure.gravatar.com\/avatar\/3949e9c101ec4b4170ba6f9b8145f02a?s=96&d=mm&r=g","caption":"balancetapepite@gmail.com"},"sameAs":["http:\/\/balancetapepite.fr"],"url":"https:\/\/balancetapepite.fr\/?author=1"}]}},"_links":{"self":[{"href":"https:\/\/balancetapepite.fr\/index.php?rest_route=\/wp\/v2\/posts\/1045"}],"collection":[{"href":"https:\/\/balancetapepite.fr\/index.php?rest_route=\/wp\/v2\/posts"}],"about":[{"href":"https:\/\/balancetapepite.fr\/index.php?rest_route=\/wp\/v2\/types\/post"}],"author":[{"embeddable":true,"href":"https:\/\/balancetapepite.fr\/index.php?rest_route=\/wp\/v2\/users\/1"}],"replies":[{"embeddable":true,"href":"https:\/\/balancetapepite.fr\/index.php?rest_route=%2Fwp%2Fv2%2Fcomments&post=1045"}],"version-history":[{"count":6,"href":"https:\/\/balancetapepite.fr\/index.php?rest_route=\/wp\/v2\/posts\/1045\/revisions"}],"predecessor-version":[{"id":1107,"href":"https:\/\/balancetapepite.fr\/index.php?rest_route=\/wp\/v2\/posts\/1045\/revisions\/1107"}],"wp:featuredmedia":[{"embeddable":true,"href":"https:\/\/balancetapepite.fr\/index.php?rest_route=\/wp\/v2\/media\/1174"}],"wp:attachment":[{"href":"https:\/\/balancetapepite.fr\/index.php?rest_route=%2Fwp%2Fv2%2Fmedia&parent=1045"}],"wp:term":[{"taxonomy":"category","embeddable":true,"href":"https:\/\/balancetapepite.fr\/index.php?rest_route=%2Fwp%2Fv2%2Fcategories&post=1045"},{"taxonomy":"post_tag","embeddable":true,"href":"https:\/\/balancetapepite.fr\/index.php?rest_route=%2Fwp%2Fv2%2Ftags&post=1045"}],"curies":[{"name":"wp","href":"https:\/\/api.w.org\/{rel}","templated":true}]}}