{"id":960,"date":"2023-01-05T17:01:51","date_gmt":"2023-01-05T17:01:51","guid":{"rendered":"https:\/\/balancetapepite.fr\/?p=960"},"modified":"2024-11-29T13:51:08","modified_gmt":"2024-11-29T13:51:08","slug":"feminisme-intersectionnel","status":"publish","type":"post","link":"https:\/\/balancetapepite.fr\/?p=960","title":{"rendered":"#8 &#8211; le f\u00e9minisme intersectionnel"},"content":{"rendered":"\n<p><em>Cet article est une audio description de l\u2019\u00e9mission de podcast Balance ton mot.<\/em><\/p>\n\n\n\n<p>Ecoutes l&rsquo;\u00e9pisode ici : <a href=\"https:\/\/open.spotify.com\/episode\/2GAA5UjgbECLH7qrJTQwes?si=l1HIO974QUaub5c3nXjWVA\" target=\"_blank\" rel=\"noreferrer noopener\">Spotify<\/a>&nbsp;&#8211;&nbsp;<a href=\"https:\/\/podcasts.apple.com\/fr\/podcast\/8-le-f%C3%A9minisme-intersectionnel\/id1636849923?i=1000575372487\" target=\"_blank\" rel=\"noreferrer noopener\">ApplePodcast<\/a>&nbsp;&#8211;&nbsp;<a href=\"https:\/\/deezer.page.link\/UHYhVhSyp1krvbKs7\" target=\"_blank\" rel=\"noreferrer noopener\">Deezer<\/a><\/p>\n\n\n\n<p>Aujourd\u2019hui on va parler du concept qui relie Beyonce \u00e0 Emma Watson. Un m\u00e9lange entre l\u2019\u00e9pisode 1 sur le <a href=\"https:\/\/balancetapepite.fr\/?p=645\" target=\"_blank\" rel=\"noreferrer noopener\">f\u00e9minisme<\/a> et l\u2019\u00e9pisode 4 sur la <a href=\"https:\/\/balancetapepite.fr\/?p=910\" target=\"_blank\" rel=\"noreferrer noopener\">sororit\u00e9<\/a>. Une nouvelle forme de f\u00e9minisme, plus moderne et plus \u00e0 l\u2019\u00e9coute de la soci\u00e9t\u00e9&nbsp;: <strong>le f\u00e9minisme intersectionnel<\/strong>&nbsp;!&nbsp;<\/p>\n\n\n\n<p>D\u00e9j\u00e0, d\u00e9cortiquons tout \u00e7a. Le f\u00e9minisme, on en a d\u00e9j\u00e0 parl\u00e9, on ne va pas revenir dessus. Par contre, je vais m\u2019arr\u00eater sur le mot <strong>intersectionnalit\u00e9<\/strong>. Comme dans le code de la route, une intersection c\u2019est bien le croisement de plusieurs routes. Et, quand on parle de f\u00e9minisme, ces intersections c\u2019est <strong>les discriminations<\/strong>. Et je peux vous dire qu\u2019on a pas mal de routes qui se croisent&nbsp;! <em>Le rascisme, le validisme, la grossophobie, l\u2019\u00e2gisme\u2026<\/em><\/p>\n\n\n\n<blockquote class=\"tiktok-embed\" cite=\"https:\/\/www.tiktok.com\/@chanelmentie\/video\/7129515719275990277\" data-video-id=\"7129515719275990277\" style=\"max-width: 605px;min-width: 325px; border: none;\"> <section> <a target=\"_blank\" title=\"@chanelmentie\" href=\"https:\/\/www.tiktok.com\/@chanelmentie\" rel=\"noopener\">@chanelmentie<\/a> IG chanelmentie | \ud83c\udf99 podcast \u00ab&nbsp;Balance ton mot&nbsp;\u00bb <a title=\"feminisme\" target=\"_blank\" href=\"https:\/\/www.tiktok.com\/tag\/feminisme\" rel=\"noopener\">#feminisme<\/a> <a title=\"intersectionalfeminism\" target=\"_blank\" href=\"https:\/\/www.tiktok.com\/tag\/intersectionalfeminism\" rel=\"noopener\">#intersectionalfeminism<\/a> <a title=\"feministe\" target=\"_blank\" href=\"https:\/\/www.tiktok.com\/tag\/feministe\" rel=\"noopener\">#feministe<\/a> <a title=\"tiktokacademy\" target=\"_blank\" href=\"https:\/\/www.tiktok.com\/tag\/tiktokacademy\" rel=\"noopener\">#tiktokacademy<\/a> <a title=\"tiktokacademie\" target=\"_blank\" href=\"https:\/\/www.tiktok.com\/tag\/tiktokacademie\" rel=\"noopener\">#tiktokacademie<\/a> <a target=\"_blank\" title=\"\u266c Monkeys Spinning Monkeys - Kevin MacLeod &amp; Kevin The Monkey\" href=\"https:\/\/www.tiktok.com\/music\/Monkeys-Spinning-Monkeys-6827446890867460097\" rel=\"noopener\">\u266c Monkeys Spinning Monkeys &#8211; Kevin MacLeod &amp; Kevin The Monkey<\/a> <\/section> <\/blockquote> <script async=\"\" src=\"https:\/\/www.tiktok.com\/embed.js\"><\/script>\n\n\n\n<p>Donc, le f\u00e9minisme intersectionnel c\u2019est le fait de prendre en consid\u00e9ration les probl\u00e9matiques li\u00e9es au fait d\u2019<strong>\u00eatre une femme dans une soci\u00e9t\u00e9 patriarcale<\/strong> + les probl\u00e9matiques li\u00e9es aux <strong>diff\u00e9rentes discriminations<\/strong> comme celles, par exemple, que je viens de citer.<\/p>\n\n\n\n<p><strong>C\u2019est quoi \u00eatre une femme noire dans notre soci\u00e9t\u00e9&nbsp;?<\/strong> Une femme ob\u00e8se, musulmane, \u00e2g\u00e9e, LGBT\u2026 Enfin, vous avez compris l\u2019id\u00e9e quoi&nbsp;!<\/p>\n\n\n\n<p>Donc moi par exemple, comme Emma Watson cit\u00e9 dans l\u2019intro, on a qu\u2019une seule oppression, celle d\u2019\u00eatre des femmes. Par contre, Beyonce, elle, elle subit <strong>plusieurs oppressions<\/strong>&nbsp;! Celle d\u2019\u00eatre une femme + celle d\u2019\u00eatre noire. Le f\u00e9minisme intersectionnel c\u2019est prendre le temps de se <strong>d\u00e9construire<\/strong> pour int\u00e9grer et <strong>visibiliser<\/strong> les oppressions qui ne sont pas les n\u00f4tres et <strong>lutter ensemble<\/strong> pour avoir une soci\u00e9t\u00e9 juste pour tout le monde.<\/p>\n\n\n\n<p>Au programme donc, <strong>respecter les individualit\u00e9s<\/strong>, mise en lumi\u00e8res les <strong>multiples oppressions<\/strong> et cr\u00e9ation de <strong>liens<\/strong> entre les femmes. Parce-que l\u2019\u00e9galit\u00e9 doit \u00eatre valable pour tout le monde.<\/p>\n\n\n\n<p>Ce concept arrive tout droits des <strong>Etats-Unis<\/strong>. C\u2019est la juriste <a href=\"https:\/\/fr.wikipedia.org\/wiki\/Kimberl\u00e9_Williams_Crenshaw\" target=\"_blank\" rel=\"noreferrer noopener\">Kimberl\u00e9 Williams Crenshaw<\/a> qui l\u2019explique pour la premi\u00e8re fois en <strong>1989<\/strong>. Elle pointait alors du doigts les diff\u00e9rences de traitement dans le <strong>syst\u00e8me judiciaire <\/strong>entre les femmes blanches et les femmes noires. Depuis, le concept s\u2019est \u00e9largi \u00e0 toutes les oppressions et les minorit\u00e9s.<\/p>\n\n\n\n<h3>la s\u00e9rie pour explorer le f\u00e9minisme intersectionnel<\/h3>\n\n\n\n<div class=\"is-layout-flex wp-container-2 wp-block-columns\">\n<div class=\"is-layout-flow wp-block-column\">\n<figure class=\"wp-block-embed is-type-video is-provider-youtube wp-block-embed-youtube wp-embed-aspect-16-9 wp-has-aspect-ratio\"><div class=\"wp-block-embed__wrapper\">\n<iframe loading=\"lazy\" title=\"Self Made : D&#039;apr\u00e8s la vie de Madam C.J. Walker | Bande-annonce officielle VF | Netflix France\" width=\"500\" height=\"281\" src=\"https:\/\/www.youtube.com\/embed\/DSfyq-e6IxM?feature=oembed\" frameborder=\"0\" allow=\"accelerometer; autoplay; clipboard-write; encrypted-media; gyroscope; picture-in-picture; web-share\" allowfullscreen><\/iframe>\n<\/div><\/figure>\n<\/div>\n<\/div>\n\n\n\n<p>Mettre en avant l\u2019histoire de <strong>femmes noires badass<\/strong>, c\u2019est ce qu\u2019a fait Netflix dans sa mini-s\u00e9rie <strong>Self Made<\/strong>. Inspir\u00e9e de la vie de <a href=\"https:\/\/fr.wikipedia.org\/wiki\/Madam_C.J._Walker\" target=\"_blank\" rel=\"noreferrer noopener\">Madam C.J. Walker<\/a>, on d\u00e9couvre sur 4 \u00e9pisodes l\u2019ascension de la <strong>premi\u00e8re femme d\u2019affaire afro-am\u00e9ricaine<\/strong> \u00e0 gagner le million. Les auteurs ont r\u00e9ussi \u00e0 nous immerger dans l\u2019Am\u00e9rique des ann\u00e9es 1900 o\u00f9 le <strong>racisme<\/strong> et la <strong>misogynie<\/strong> \u00e9taient ultra-pr\u00e9sents. Comme beaucoup de biopic, le rythme g\u00e9n\u00e9ral est plut\u00f4t lent. Mais le souci du d\u00e9tail est tel qu\u2019on est tenue en haleine sur les 4 \u00e9pisodes&nbsp;!<\/p>\n\n\n\n<div class=\"has-global-padding is-layout-constrained wp-block-group\">\n<p>Si vous avez aim\u00e9 l&rsquo;\u00e9pisode, pensez \u00e0\u00a0<strong>laisser un commentaire<\/strong>\u00a0et\u00a0<strong>5 \u00e9toiles<\/strong>\u00a0sur Spotify, Deezer ou ApplePodcast pour nous aider \u00e0\u00a0<strong>faire connaitre l&rsquo;\u00e9mission<\/strong>\u00a0! Balance ton mot est un podcast pens\u00e9 par l&rsquo;association <a href=\"https:\/\/balancetapepite.fr\/\" target=\"_blank\" rel=\"noreferrer noopener\">Balance ta p\u00e9pite<\/a>. Pour soutenir <a href=\"https:\/\/balancetapepite.fr\/?page_id=81\" target=\"_blank\" rel=\"noreferrer noopener\">nos projets de sensibilisations<\/a>, vous pouvez faire un don <a href=\"https:\/\/balancetapepite.fr\/?page_id=87\" target=\"_blank\" rel=\"noreferrer noopener\">ici<\/a>.<\/p>\n\n\n\n<div class=\"is-layout-flex wp-container-5 wp-block-columns has-text-align-left\" style=\"padding-top:50px;padding-bottom:0;padding-left:300px\">\n<div class=\"is-layout-flow wp-block-column\" style=\"--col-width:33.33%;flex-basis:33.33%\">\n<figure class=\"wp-block-image aligncenter size-full is-resized\"><img decoding=\"async\" loading=\"lazy\" src=\"https:\/\/balancetapepite.fr\/wp-content\/uploads\/2022\/12\/Balance-ton-mot.jpg\" alt=\"balance ton mot bodypositive\" class=\"wp-image-646\" width=\"166\" height=\"166\"\/><\/figure>\n<\/div>\n\n\n\n<div class=\"is-layout-flow wp-block-column\" style=\"--col-width:66.66%;flex-basis:66.66%\">\n<p>Episode \u00e9crit et r\u00e9alis\u00e9 par&nbsp;<strong><a href=\"http:\/\/www.instagram.com\/chanelmentie\" target=\"_blank\" rel=\"noreferrer noopener\">Chanel Mentie<\/a><\/strong><br>Pour l&rsquo;asso Balance ta p\u00e9pite<br>Produit par <a href=\"http:\/\/www.lespetitspoings.fr\" target=\"_blank\" rel=\"noreferrer noopener\">Les Petits Poings<\/a><br>Vignette&nbsp;<a href=\"http:\/\/www.instagram.com\/escki\" target=\"_blank\" rel=\"noreferrer noopener\">Escki<\/a><br>G\u00e9n\u00e9rique Nathan Gu\u00e9ant<\/p>\n<\/div>\n<\/div>\n<\/div>\n","protected":false},"excerpt":{"rendered":"<p>Cet article est une audio description de l\u2019\u00e9mission de podcast Balance ton mot. Ecoutes l&rsquo;\u00e9pisode ici : Spotify&nbsp;&#8211;&nbsp;ApplePodcast&nbsp;&#8211;&nbsp;Deezer Aujourd\u2019hui on va parler du concept qui relie Beyonce \u00e0 Emma Watson. Un m\u00e9lange entre l\u2019\u00e9pisode 1 sur le f\u00e9minisme et l\u2019\u00e9pisode 4 sur la sororit\u00e9. Une nouvelle forme de f\u00e9minisme, plus moderne et plus \u00e0 l\u2019\u00e9coute [&hellip;]<\/p>\n","protected":false},"author":1,"featured_media":1157,"comment_status":"closed","ping_status":"open","sticky":false,"template":"","format":"standard","meta":[],"categories":[10,11],"tags":[],"yoast_head":"<!-- This site is optimized with the Yoast SEO plugin v19.13 - https:\/\/yoast.com\/wordpress\/plugins\/seo\/ -->\n<title>#8 - le f\u00e9minisme intersectionnel - Balance ta p\u00e9pite<\/title>\n<meta name=\"description\" content=\"C&#039;est quoi le feminisme intersectionnel ? Chanel Mentie l&#039;explique dans l&#039;\u00e9pisode de &quot;Balance ton mot&quot; sur le f\u00e9minisme intersectionnel\" \/>\n<meta name=\"robots\" content=\"index, follow, max-snippet:-1, max-image-preview:large, max-video-preview:-1\" \/>\n<link rel=\"canonical\" href=\"https:\/\/balancetapepite.fr\/?p=960\" \/>\n<meta property=\"og:locale\" content=\"fr_FR\" \/>\n<meta property=\"og:type\" content=\"article\" \/>\n<meta property=\"og:title\" content=\"#8 - le f\u00e9minisme intersectionnel - Balance ta p\u00e9pite\" \/>\n<meta property=\"og:description\" content=\"C&#039;est quoi le feminisme intersectionnel ? Chanel Mentie l&#039;explique dans l&#039;\u00e9pisode de &quot;Balance ton mot&quot; sur le f\u00e9minisme intersectionnel\" \/>\n<meta property=\"og:url\" content=\"https:\/\/balancetapepite.fr\/?p=960\" \/>\n<meta property=\"og:site_name\" content=\"Balance ta p\u00e9pite\" \/>\n<meta property=\"article:publisher\" content=\"https:\/\/www.facebook.com\/balancetapepite\" \/>\n<meta property=\"article:published_time\" content=\"2023-01-05T17:01:51+00:00\" \/>\n<meta property=\"article:modified_time\" content=\"2024-11-29T13:51:08+00:00\" \/>\n<meta property=\"og:image\" content=\"https:\/\/balancetapepite.fr\/wp-content\/uploads\/2022\/12\/8-scaled.jpg\" \/>\n\t<meta property=\"og:image:width\" content=\"2560\" \/>\n\t<meta property=\"og:image:height\" content=\"1280\" \/>\n\t<meta property=\"og:image:type\" content=\"image\/jpeg\" \/>\n<meta name=\"author\" content=\"balancetapepite@gmail.com\" \/>\n<meta name=\"twitter:card\" content=\"summary_large_image\" \/>\n<meta name=\"twitter:label1\" content=\"\u00c9crit par\" \/>\n\t<meta name=\"twitter:data1\" content=\"balancetapepite@gmail.com\" \/>\n\t<meta name=\"twitter:label2\" content=\"Dur\u00e9e de lecture estim\u00e9e\" \/>\n\t<meta name=\"twitter:data2\" content=\"3 minutes\" \/>\n<script type=\"application\/ld+json\" class=\"yoast-schema-graph\">{\"@context\":\"https:\/\/schema.org\",\"@graph\":[{\"@type\":\"Article\",\"@id\":\"https:\/\/balancetapepite.fr\/?p=960#article\",\"isPartOf\":{\"@id\":\"https:\/\/balancetapepite.fr\/?p=960\"},\"author\":{\"name\":\"balancetapepite@gmail.com\",\"@id\":\"https:\/\/balancetapepite.fr\/#\/schema\/person\/49e609108b241bb8bab019d50674cd8d\"},\"headline\":\"#8 &#8211; le f\u00e9minisme intersectionnel\",\"datePublished\":\"2023-01-05T17:01:51+00:00\",\"dateModified\":\"2024-11-29T13:51:08+00:00\",\"mainEntityOfPage\":{\"@id\":\"https:\/\/balancetapepite.fr\/?p=960\"},\"wordCount\":560,\"publisher\":{\"@id\":\"https:\/\/balancetapepite.fr\/#organization\"},\"articleSection\":[\"Balance ton mot\",\"Cahier de vacances du f\u00e9minisme\"],\"inLanguage\":\"fr-FR\"},{\"@type\":\"WebPage\",\"@id\":\"https:\/\/balancetapepite.fr\/?p=960\",\"url\":\"https:\/\/balancetapepite.fr\/?p=960\",\"name\":\"#8 - le f\u00e9minisme intersectionnel - Balance ta p\u00e9pite\",\"isPartOf\":{\"@id\":\"https:\/\/balancetapepite.fr\/#website\"},\"datePublished\":\"2023-01-05T17:01:51+00:00\",\"dateModified\":\"2024-11-29T13:51:08+00:00\",\"description\":\"C'est quoi le feminisme intersectionnel ? Chanel Mentie l'explique dans l'\u00e9pisode de \\\"Balance ton mot\\\" sur le f\u00e9minisme intersectionnel\",\"breadcrumb\":{\"@id\":\"https:\/\/balancetapepite.fr\/?p=960#breadcrumb\"},\"inLanguage\":\"fr-FR\",\"potentialAction\":[{\"@type\":\"ReadAction\",\"target\":[\"https:\/\/balancetapepite.fr\/?p=960\"]}]},{\"@type\":\"BreadcrumbList\",\"@id\":\"https:\/\/balancetapepite.fr\/?p=960#breadcrumb\",\"itemListElement\":[{\"@type\":\"ListItem\",\"position\":1,\"name\":\"Accueil\",\"item\":\"https:\/\/balancetapepite.fr\/\"},{\"@type\":\"ListItem\",\"position\":2,\"name\":\"#8 &#8211; le f\u00e9minisme intersectionnel\"}]},{\"@type\":\"WebSite\",\"@id\":\"https:\/\/balancetapepite.fr\/#website\",\"url\":\"https:\/\/balancetapepite.fr\/\",\"name\":\"Balance ta p\u00e9pite\",\"description\":\"F\u00e9minisme et pop culture\",\"publisher\":{\"@id\":\"https:\/\/balancetapepite.fr\/#organization\"},\"potentialAction\":[{\"@type\":\"SearchAction\",\"target\":{\"@type\":\"EntryPoint\",\"urlTemplate\":\"https:\/\/balancetapepite.fr\/?s={search_term_string}\"},\"query-input\":\"required name=search_term_string\"}],\"inLanguage\":\"fr-FR\"},{\"@type\":\"Organization\",\"@id\":\"https:\/\/balancetapepite.fr\/#organization\",\"name\":\"Balance ta p\u00e9pite\",\"url\":\"https:\/\/balancetapepite.fr\/\",\"logo\":{\"@type\":\"ImageObject\",\"inLanguage\":\"fr-FR\",\"@id\":\"https:\/\/balancetapepite.fr\/#\/schema\/logo\/image\/\",\"url\":\"https:\/\/balancetapepite.fr\/wp-content\/uploads\/2022\/12\/logo-btp.jpg\",\"contentUrl\":\"https:\/\/balancetapepite.fr\/wp-content\/uploads\/2022\/12\/logo-btp.jpg\",\"width\":2816,\"height\":2048,\"caption\":\"Balance ta p\u00e9pite\"},\"image\":{\"@id\":\"https:\/\/balancetapepite.fr\/#\/schema\/logo\/image\/\"},\"sameAs\":[\"https:\/\/www.instagram.com\/balancetapepite\",\"https:\/\/www.linkedin.com\/company\/balance-ta-pepite\/\",\"https:\/\/www.facebook.com\/balancetapepite\"]},{\"@type\":\"Person\",\"@id\":\"https:\/\/balancetapepite.fr\/#\/schema\/person\/49e609108b241bb8bab019d50674cd8d\",\"name\":\"balancetapepite@gmail.com\",\"image\":{\"@type\":\"ImageObject\",\"inLanguage\":\"fr-FR\",\"@id\":\"https:\/\/balancetapepite.fr\/#\/schema\/person\/image\/\",\"url\":\"https:\/\/secure.gravatar.com\/avatar\/3949e9c101ec4b4170ba6f9b8145f02a?s=96&d=mm&r=g\",\"contentUrl\":\"https:\/\/secure.gravatar.com\/avatar\/3949e9c101ec4b4170ba6f9b8145f02a?s=96&d=mm&r=g\",\"caption\":\"balancetapepite@gmail.com\"},\"sameAs\":[\"http:\/\/balancetapepite.fr\"],\"url\":\"https:\/\/balancetapepite.fr\/?author=1\"}]}<\/script>\n<!-- \/ Yoast SEO plugin. -->","yoast_head_json":{"title":"#8 - le f\u00e9minisme intersectionnel - Balance ta p\u00e9pite","description":"C'est quoi le feminisme intersectionnel ? Chanel Mentie l'explique dans l'\u00e9pisode de \"Balance ton mot\" sur le f\u00e9minisme intersectionnel","robots":{"index":"index","follow":"follow","max-snippet":"max-snippet:-1","max-image-preview":"max-image-preview:large","max-video-preview":"max-video-preview:-1"},"canonical":"https:\/\/balancetapepite.fr\/?p=960","og_locale":"fr_FR","og_type":"article","og_title":"#8 - le f\u00e9minisme intersectionnel - Balance ta p\u00e9pite","og_description":"C'est quoi le feminisme intersectionnel ? Chanel Mentie l'explique dans l'\u00e9pisode de \"Balance ton mot\" sur le f\u00e9minisme intersectionnel","og_url":"https:\/\/balancetapepite.fr\/?p=960","og_site_name":"Balance ta p\u00e9pite","article_publisher":"https:\/\/www.facebook.com\/balancetapepite","article_published_time":"2023-01-05T17:01:51+00:00","article_modified_time":"2024-11-29T13:51:08+00:00","og_image":[{"width":2560,"height":1280,"url":"https:\/\/balancetapepite.fr\/wp-content\/uploads\/2022\/12\/8-scaled.jpg","type":"image\/jpeg"}],"author":"balancetapepite@gmail.com","twitter_card":"summary_large_image","twitter_misc":{"\u00c9crit par":"balancetapepite@gmail.com","Dur\u00e9e de lecture estim\u00e9e":"3 minutes"},"schema":{"@context":"https:\/\/schema.org","@graph":[{"@type":"Article","@id":"https:\/\/balancetapepite.fr\/?p=960#article","isPartOf":{"@id":"https:\/\/balancetapepite.fr\/?p=960"},"author":{"name":"balancetapepite@gmail.com","@id":"https:\/\/balancetapepite.fr\/#\/schema\/person\/49e609108b241bb8bab019d50674cd8d"},"headline":"#8 &#8211; le f\u00e9minisme intersectionnel","datePublished":"2023-01-05T17:01:51+00:00","dateModified":"2024-11-29T13:51:08+00:00","mainEntityOfPage":{"@id":"https:\/\/balancetapepite.fr\/?p=960"},"wordCount":560,"publisher":{"@id":"https:\/\/balancetapepite.fr\/#organization"},"articleSection":["Balance ton mot","Cahier de vacances du f\u00e9minisme"],"inLanguage":"fr-FR"},{"@type":"WebPage","@id":"https:\/\/balancetapepite.fr\/?p=960","url":"https:\/\/balancetapepite.fr\/?p=960","name":"#8 - le f\u00e9minisme intersectionnel - Balance ta p\u00e9pite","isPartOf":{"@id":"https:\/\/balancetapepite.fr\/#website"},"datePublished":"2023-01-05T17:01:51+00:00","dateModified":"2024-11-29T13:51:08+00:00","description":"C'est quoi le feminisme intersectionnel ? Chanel Mentie l'explique dans l'\u00e9pisode de \"Balance ton mot\" sur le f\u00e9minisme intersectionnel","breadcrumb":{"@id":"https:\/\/balancetapepite.fr\/?p=960#breadcrumb"},"inLanguage":"fr-FR","potentialAction":[{"@type":"ReadAction","target":["https:\/\/balancetapepite.fr\/?p=960"]}]},{"@type":"BreadcrumbList","@id":"https:\/\/balancetapepite.fr\/?p=960#breadcrumb","itemListElement":[{"@type":"ListItem","position":1,"name":"Accueil","item":"https:\/\/balancetapepite.fr\/"},{"@type":"ListItem","position":2,"name":"#8 &#8211; le f\u00e9minisme intersectionnel"}]},{"@type":"WebSite","@id":"https:\/\/balancetapepite.fr\/#website","url":"https:\/\/balancetapepite.fr\/","name":"Balance ta p\u00e9pite","description":"F\u00e9minisme et pop culture","publisher":{"@id":"https:\/\/balancetapepite.fr\/#organization"},"potentialAction":[{"@type":"SearchAction","target":{"@type":"EntryPoint","urlTemplate":"https:\/\/balancetapepite.fr\/?s={search_term_string}"},"query-input":"required name=search_term_string"}],"inLanguage":"fr-FR"},{"@type":"Organization","@id":"https:\/\/balancetapepite.fr\/#organization","name":"Balance ta p\u00e9pite","url":"https:\/\/balancetapepite.fr\/","logo":{"@type":"ImageObject","inLanguage":"fr-FR","@id":"https:\/\/balancetapepite.fr\/#\/schema\/logo\/image\/","url":"https:\/\/balancetapepite.fr\/wp-content\/uploads\/2022\/12\/logo-btp.jpg","contentUrl":"https:\/\/balancetapepite.fr\/wp-content\/uploads\/2022\/12\/logo-btp.jpg","width":2816,"height":2048,"caption":"Balance ta p\u00e9pite"},"image":{"@id":"https:\/\/balancetapepite.fr\/#\/schema\/logo\/image\/"},"sameAs":["https:\/\/www.instagram.com\/balancetapepite","https:\/\/www.linkedin.com\/company\/balance-ta-pepite\/","https:\/\/www.facebook.com\/balancetapepite"]},{"@type":"Person","@id":"https:\/\/balancetapepite.fr\/#\/schema\/person\/49e609108b241bb8bab019d50674cd8d","name":"balancetapepite@gmail.com","image":{"@type":"ImageObject","inLanguage":"fr-FR","@id":"https:\/\/balancetapepite.fr\/#\/schema\/person\/image\/","url":"https:\/\/secure.gravatar.com\/avatar\/3949e9c101ec4b4170ba6f9b8145f02a?s=96&d=mm&r=g","contentUrl":"https:\/\/secure.gravatar.com\/avatar\/3949e9c101ec4b4170ba6f9b8145f02a?s=96&d=mm&r=g","caption":"balancetapepite@gmail.com"},"sameAs":["http:\/\/balancetapepite.fr"],"url":"https:\/\/balancetapepite.fr\/?author=1"}]}},"_links":{"self":[{"href":"https:\/\/balancetapepite.fr\/index.php?rest_route=\/wp\/v2\/posts\/960"}],"collection":[{"href":"https:\/\/balancetapepite.fr\/index.php?rest_route=\/wp\/v2\/posts"}],"about":[{"href":"https:\/\/balancetapepite.fr\/index.php?rest_route=\/wp\/v2\/types\/post"}],"author":[{"embeddable":true,"href":"https:\/\/balancetapepite.fr\/index.php?rest_route=\/wp\/v2\/users\/1"}],"replies":[{"embeddable":true,"href":"https:\/\/balancetapepite.fr\/index.php?rest_route=%2Fwp%2Fv2%2Fcomments&post=960"}],"version-history":[{"count":5,"href":"https:\/\/balancetapepite.fr\/index.php?rest_route=\/wp\/v2\/posts\/960\/revisions"}],"predecessor-version":[{"id":1008,"href":"https:\/\/balancetapepite.fr\/index.php?rest_route=\/wp\/v2\/posts\/960\/revisions\/1008"}],"wp:featuredmedia":[{"embeddable":true,"href":"https:\/\/balancetapepite.fr\/index.php?rest_route=\/wp\/v2\/media\/1157"}],"wp:attachment":[{"href":"https:\/\/balancetapepite.fr\/index.php?rest_route=%2Fwp%2Fv2%2Fmedia&parent=960"}],"wp:term":[{"taxonomy":"category","embeddable":true,"href":"https:\/\/balancetapepite.fr\/index.php?rest_route=%2Fwp%2Fv2%2Fcategories&post=960"},{"taxonomy":"post_tag","embeddable":true,"href":"https:\/\/balancetapepite.fr\/index.php?rest_route=%2Fwp%2Fv2%2Ftags&post=960"}],"curies":[{"name":"wp","href":"https:\/\/api.w.org\/{rel}","templated":true}]}}